{"id":13417,"date":"2025-01-29T12:27:19","date_gmt":"2025-01-29T09:27:19","guid":{"rendered":"https:\/\/www.egemtv.com\/?p=13417"},"modified":"2025-01-29T12:27:20","modified_gmt":"2025-01-29T09:27:20","slug":"denizlide-fuhsa-tesvikten-12-yilla-aranan-supheli-cezaevine-gonderildi","status":"publish","type":"post","link":"https:\/\/www.egemtv.com\/?p=13417","title":{"rendered":"Denizli\u2019de fuh\u015fa te\u015fvikten 12 y\u0131lla aranan \u015f\u00fcpheli cezaevine g\u00f6nderildi"},"content":{"rendered":"<p>Denizli \u0130l Emniyet M\u00fcd\u00fcrl\u00fc\u011f\u00fc ekiplerince fuh\u015fa te\u015fvikten 12 y\u0131l 3 ay kesinle\u015fmi\u015f hapis cezas\u0131 ile aranan \u015fah\u0131s yakalanarak cezaevine g\u00f6nderildi.<\/p>\n<p>Denizli \u0130l Emniyet M\u00fcd\u00fcrl\u00fc\u011f\u00fc Asayi\u015f \u015eube M\u00fcd\u00fcrl\u00fc\u011f\u00fc Aranan \u015eah\u0131slar B\u00fcro Amirli\u011fi ekipleri, aranan \u015fah\u0131slar\u0131n yakalanmas\u0131na y\u00f6nelik \u00e7al\u0131\u015fmalar\u0131na kararl\u0131l\u0131kla devam ediyor. Yap\u0131lan \u00e7al\u0131\u015fmalar neticesinde \u201cFuh\u015fa Te\u015fvik, Arac\u0131l\u0131k veya Yer Temin Etme, M\u00fch\u00fcr Bozma ve H\u00fck\u00fcml\u00fc ve Tutuklunun Ka\u00e7mas\u0131\u201d su\u00e7undan 12 y\u0131l 3 ay 15 g\u00fcn kesinle\u015fmi\u015f hapis cezas\u0131 bulunan 1 \u015fah\u0131s yakaland\u0131. Yakalanan \u015fah\u0131s yap\u0131lan incelemeler ve i\u015flemlerin ard\u0131ndan \u015fah\u0131s cezaevine g\u00f6nderildi.<br \/><\/p>\n","protected":false},"excerpt":{"rendered":"<p>Denizli \u0130l Emniyet M\u00fcd\u00fcrl\u00fc\u011f\u00fc ekiplerince fuh\u015fa te\u015fvikten 12 y\u0131l 3 ay kesinle\u015fmi\u015f hapis cezas\u0131 ile aranan \u015fah\u0131s yakalanarak cezaevine g\u00f6nderildi. Denizli \u0130l Emniyet M\u00fcd\u00fcrl\u00fc\u011f\u00fc Asayi\u015f \u015eube M\u00fcd\u00fcrl\u00fc\u011f\u00fc Aranan \u015eah\u0131slar B\u00fcro Amirli\u011fi ekipleri, aranan \u015fah\u0131slar\u0131n yakalanmas\u0131na y\u00f6nelik \u00e7al\u0131\u015fmalar\u0131na kararl\u0131l\u0131kla devam ediyor. Yap\u0131lan \u00e7al\u0131\u015fmalar neticesinde \u201cFuh\u015fa Te\u015fvik, Arac\u0131l\u0131k veya Yer Temin Etme, M\u00fch\u00fcr Bozma ve H\u00fck\u00fcml\u00fc ve&#8230;<\/p>\n","protected":false},"author":1,"featured_media":13418,"comment_status":"open","ping_status":"open","sticky":false,"template":"","format":"standard","meta":{"_crdt_document":"","footnotes":""},"categories":[5],"tags":[],"class_list":["post-13417","post","type-post","status-publish","format-standard","has-post-thumbnail","hentry","category-asayis"],"_links":{"self":[{"href":"https:\/\/www.egemtv.com\/index.php?rest_route=\/wp\/v2\/posts\/13417","targetHints":{"allow":["GET"]}}],"collection":[{"href":"https:\/\/www.egemtv.com\/index.php?rest_route=\/wp\/v2\/posts"}],"about":[{"href":"https:\/\/www.egemtv.com\/index.php?rest_route=\/wp\/v2\/types\/post"}],"author":[{"embeddable":true,"href":"https:\/\/www.egemtv.com\/index.php?rest_route=\/wp\/v2\/users\/1"}],"replies":[{"embeddable":true,"href":"https:\/\/www.egemtv.com\/index.php?rest_route=%2Fwp%2Fv2%2Fcomments&post=13417"}],"version-history":[{"count":1,"href":"https:\/\/www.egemtv.com\/index.php?rest_route=\/wp\/v2\/posts\/13417\/revisions"}],"predecessor-version":[{"id":13419,"href":"https:\/\/www.egemtv.com\/index.php?rest_route=\/wp\/v2\/posts\/13417\/revisions\/13419"}],"wp:featuredmedia":[{"embeddable":true,"href":"https:\/\/www.egemtv.com\/index.php?rest_route=\/wp\/v2\/media\/13418"}],"wp:attachment":[{"href":"https:\/\/www.egemtv.com\/index.php?rest_route=%2Fwp%2Fv2%2Fmedia&parent=13417"}],"wp:term":[{"taxonomy":"category","embeddable":true,"href":"https:\/\/www.egemtv.com\/index.php?rest_route=%2Fwp%2Fv2%2Fcategories&post=13417"},{"taxonomy":"post_tag","embeddable":true,"href":"https:\/\/www.egemtv.com\/index.php?rest_route=%2Fwp%2Fv2%2Ftags&post=13417"}],"curies":[{"name":"wp","href":"https:\/\/api.w.org\/{rel}","templated":true}]}}