{"id":13411,"date":"2025-01-29T12:16:53","date_gmt":"2025-01-29T09:16:53","guid":{"rendered":"https:\/\/www.egemtv.com\/?p=13411"},"modified":"2025-01-29T12:16:57","modified_gmt":"2025-01-29T09:16:57","slug":"resmi-araclardan-akaryakit-calip-satan-kamu-personeli-yakalandi","status":"publish","type":"post","link":"https:\/\/www.egemtv.com\/?p=13411","title":{"rendered":"Resmi ara\u00e7lardan akaryak\u0131t \u00e7al\u0131p satan kamu personeli yakaland\u0131"},"content":{"rendered":"<p>K\u00fctahya\u2019da, \u00e7al\u0131\u015ft\u0131\u011f\u0131 kurumdan mazot \u00e7ald\u0131\u011f\u0131 iddia edilen \u015f\u00fcpheli, polisin d\u00fczenledi\u011fi operasyonla g\u00f6zalt\u0131na al\u0131nd\u0131.<br \/>\n<br \/>K\u00fctahya \u0130l Emniyet M\u00fcd\u00fcrl\u00fc\u011f\u00fc Asayi\u015f \u015eube M\u00fcd\u00fcrl\u00fc\u011f\u00fc H\u0131rs\u0131zl\u0131k ve Yankesicilik B\u00fcro Amirli\u011fi ekipleri, K\u00fctahya Orman B\u00f6lge M\u00fcd\u00fcrl\u00fc\u011f\u00fcnde \u00e7al\u0131\u015fan 41 ya\u015f\u0131ndaki O.Y.\u2019nin kurumundan mazot \u00e7ald\u0131\u011f\u0131 bilgisine ula\u015ft\u0131. Savc\u0131l\u0131ktan al\u0131nan arama karar\u0131yla, O.Y.\u2019nin Cedit Mahallesi\u2019ndeki evine bask\u0131n d\u00fczenlendi. Ekipler, evin bodrumunda yapt\u0131\u011f\u0131 aramada, \u00e7al\u0131nt\u0131 oldu\u011fu belirlenen 3\u2019\u00fc mazot dolu 20\u2019\u015fer litrelik toplam 20 bidon buldu. O.Y., g\u00f6zalt\u0131na al\u0131narak emniyete g\u00f6t\u00fcr\u00fcld\u00fc.<br \/><\/p>\n","protected":false},"excerpt":{"rendered":"<p>K\u00fctahya\u2019da, \u00e7al\u0131\u015ft\u0131\u011f\u0131 kurumdan mazot \u00e7ald\u0131\u011f\u0131 iddia edilen \u015f\u00fcpheli, polisin d\u00fczenledi\u011fi operasyonla g\u00f6zalt\u0131na al\u0131nd\u0131. K\u00fctahya \u0130l Emniyet M\u00fcd\u00fcrl\u00fc\u011f\u00fc Asayi\u015f \u015eube M\u00fcd\u00fcrl\u00fc\u011f\u00fc H\u0131rs\u0131zl\u0131k ve Yankesicilik B\u00fcro Amirli\u011fi ekipleri, K\u00fctahya Orman B\u00f6lge M\u00fcd\u00fcrl\u00fc\u011f\u00fcnde \u00e7al\u0131\u015fan 41 ya\u015f\u0131ndaki O.Y.\u2019nin kurumundan mazot \u00e7ald\u0131\u011f\u0131 bilgisine ula\u015ft\u0131. Savc\u0131l\u0131ktan al\u0131nan arama karar\u0131yla, O.Y.\u2019nin Cedit Mahallesi\u2019ndeki evine bask\u0131n d\u00fczenlendi. Ekipler, evin bodrumunda yapt\u0131\u011f\u0131 aramada, \u00e7al\u0131nt\u0131&#8230;<\/p>\n","protected":false},"author":1,"featured_media":13412,"comment_status":"open","ping_status":"open","sticky":false,"template":"","format":"standard","meta":{"_crdt_document":"","footnotes":""},"categories":[5],"tags":[],"class_list":["post-13411","post","type-post","status-publish","format-standard","has-post-thumbnail","hentry","category-asayis"],"_links":{"self":[{"href":"https:\/\/www.egemtv.com\/index.php?rest_route=\/wp\/v2\/posts\/13411","targetHints":{"allow":["GET"]}}],"collection":[{"href":"https:\/\/www.egemtv.com\/index.php?rest_route=\/wp\/v2\/posts"}],"about":[{"href":"https:\/\/www.egemtv.com\/index.php?rest_route=\/wp\/v2\/types\/post"}],"author":[{"embeddable":true,"href":"https:\/\/www.egemtv.com\/index.php?rest_route=\/wp\/v2\/users\/1"}],"replies":[{"embeddable":true,"href":"https:\/\/www.egemtv.com\/index.php?rest_route=%2Fwp%2Fv2%2Fcomments&post=13411"}],"version-history":[{"count":1,"href":"https:\/\/www.egemtv.com\/index.php?rest_route=\/wp\/v2\/posts\/13411\/revisions"}],"predecessor-version":[{"id":13413,"href":"https:\/\/www.egemtv.com\/index.php?rest_route=\/wp\/v2\/posts\/13411\/revisions\/13413"}],"wp:featuredmedia":[{"embeddable":true,"href":"https:\/\/www.egemtv.com\/index.php?rest_route=\/wp\/v2\/media\/13412"}],"wp:attachment":[{"href":"https:\/\/www.egemtv.com\/index.php?rest_route=%2Fwp%2Fv2%2Fmedia&parent=13411"}],"wp:term":[{"taxonomy":"category","embeddable":true,"href":"https:\/\/www.egemtv.com\/index.php?rest_route=%2Fwp%2Fv2%2Fcategories&post=13411"},{"taxonomy":"post_tag","embeddable":true,"href":"https:\/\/www.egemtv.com\/index.php?rest_route=%2Fwp%2Fv2%2Ftags&post=13411"}],"curies":[{"name":"wp","href":"https:\/\/api.w.org\/{rel}","templated":true}]}}