{"id":13402,"date":"2025-01-29T11:53:42","date_gmt":"2025-01-29T08:53:42","guid":{"rendered":"https:\/\/www.egemtv.com\/?p=13402"},"modified":"2025-01-29T11:53:44","modified_gmt":"2025-01-29T08:53:44","slug":"karsiyakanin-borcu-500-milyon-tlyi-gecti","status":"publish","type":"post","link":"https:\/\/www.egemtv.com\/?p=13402","title":{"rendered":"Kar\u015f\u0131yaka\u2019n\u0131n borcu 500 milyon TL\u2019yi ge\u00e7ti"},"content":{"rendered":"<p>\u0130zmir\u2019in k\u00f6kl\u00fc kul\u00fcplerinden Kar\u015f\u0131yaka\u2019n\u0131n, mevcut borcunun 503 milyon TL oldu\u011fu \u00f6\u011frenildi.<br \/>\n<br \/>Ekonomik anlamda tarihinin en zor g\u00fcnlerini ya\u015fayan Kar\u015f\u0131yaka\u2019da bor\u00e7 miktar\u0131 her ge\u00e7en g\u00fcn b\u00fcy\u00fcmeye devam ediyor. \u0130zmir\u2019in en k\u00f6kl\u00fc kul\u00fcplerinden birisi olan ye\u015fil-k\u0131rm\u0131z\u0131l\u0131lar\u0131n, mevcut borcunun 503 milyon TL oldu\u011fu \u00f6\u011frenildi. 112 y\u0131ll\u0131k koca \u00e7\u0131nar\u0131n \u015fu andaki borcunun 350 milyon TL\u2019sinin kamu borcu oldu\u011fu belirtilirken 96 milyon TL\u2019sinin ise y\u00f6netici borcu oldu\u011fu ifade edildi. Kaf-Kaf\u2019\u0131n kul\u00fcpte basketbol oynam\u0131\u015f eksi oyuncular\u0131na ise 50 milyon TL\u2019lik bir borcunun oldu\u011fu bildirildi. Di\u011fer bor\u00e7lar\u0131n ise kul\u00fcbe i\u015f yapan ki\u015fi veya \u015firketlere oldu\u011fu \u00f6\u011frenildi. Ba\u015fkan \u0130lker Erg\u00fcll\u00fc\u2019n\u00fcn de istifa etmesiyle ba\u015fkans\u0131z kalan ye\u015fil-k\u0131rm\u0131z\u0131l\u0131lar\u0131n bu bor\u00e7 y\u00fck\u00fcyle nas\u0131l bir yol \u00e7izece\u011fi ise merakla bekleniyor.<\/p>\n<p>Haziran 2024\u2019te bor\u00e7 400 milyon TL olarak a\u00e7\u0131klanm\u0131\u015ft\u0131<br \/>\n<br \/>Ye\u015fil-k\u0131rm\u0131z\u0131l\u0131 kul\u00fcpte, Haziran 2024\u2019te yap\u0131lan genel kurulda kul\u00fcb\u00fcn 30 Nisan 2024 tarihiyle 400 milyon 684 bin TL borcu oldu\u011fu ifade edilmi\u015fti. O d\u00f6nem genel kurulda a\u00e7\u0131klanan y\u00f6netici bor\u00e7lar\u0131 43 milyon 862 bin, vergiler 53 milyon 42 bin ve SGK \u00f6demeleri 37 milyon 820 bin TL olarak belirtilmi\u015fti. \u015eu anda ise borcun 503 milyon TL olmas\u0131yla yakla\u015f\u0131k 10 ayda bor\u00e7 103 milyon TL artm\u0131\u015f oldu.<br \/><\/p>\n","protected":false},"excerpt":{"rendered":"<p>\u0130zmir\u2019in k\u00f6kl\u00fc kul\u00fcplerinden Kar\u015f\u0131yaka\u2019n\u0131n, mevcut borcunun 503 milyon TL oldu\u011fu \u00f6\u011frenildi. Ekonomik anlamda tarihinin en zor g\u00fcnlerini ya\u015fayan Kar\u015f\u0131yaka\u2019da bor\u00e7 miktar\u0131 her ge\u00e7en g\u00fcn b\u00fcy\u00fcmeye devam ediyor. \u0130zmir\u2019in en k\u00f6kl\u00fc kul\u00fcplerinden birisi olan ye\u015fil-k\u0131rm\u0131z\u0131l\u0131lar\u0131n, mevcut borcunun 503 milyon TL oldu\u011fu \u00f6\u011frenildi. 112 y\u0131ll\u0131k koca \u00e7\u0131nar\u0131n \u015fu andaki borcunun 350 milyon TL\u2019sinin kamu borcu oldu\u011fu belirtilirken&#8230;<\/p>\n","protected":false},"author":1,"featured_media":13403,"comment_status":"open","ping_status":"open","sticky":false,"template":"","format":"standard","meta":{"_crdt_document":"","footnotes":""},"categories":[4],"tags":[],"class_list":["post-13402","post","type-post","status-publish","format-standard","has-post-thumbnail","hentry","category-spor"],"_links":{"self":[{"href":"https:\/\/www.egemtv.com\/index.php?rest_route=\/wp\/v2\/posts\/13402","targetHints":{"allow":["GET"]}}],"collection":[{"href":"https:\/\/www.egemtv.com\/index.php?rest_route=\/wp\/v2\/posts"}],"about":[{"href":"https:\/\/www.egemtv.com\/index.php?rest_route=\/wp\/v2\/types\/post"}],"author":[{"embeddable":true,"href":"https:\/\/www.egemtv.com\/index.php?rest_route=\/wp\/v2\/users\/1"}],"replies":[{"embeddable":true,"href":"https:\/\/www.egemtv.com\/index.php?rest_route=%2Fwp%2Fv2%2Fcomments&post=13402"}],"version-history":[{"count":1,"href":"https:\/\/www.egemtv.com\/index.php?rest_route=\/wp\/v2\/posts\/13402\/revisions"}],"predecessor-version":[{"id":13404,"href":"https:\/\/www.egemtv.com\/index.php?rest_route=\/wp\/v2\/posts\/13402\/revisions\/13404"}],"wp:featuredmedia":[{"embeddable":true,"href":"https:\/\/www.egemtv.com\/index.php?rest_route=\/wp\/v2\/media\/13403"}],"wp:attachment":[{"href":"https:\/\/www.egemtv.com\/index.php?rest_route=%2Fwp%2Fv2%2Fmedia&parent=13402"}],"wp:term":[{"taxonomy":"category","embeddable":true,"href":"https:\/\/www.egemtv.com\/index.php?rest_route=%2Fwp%2Fv2%2Fcategories&post=13402"},{"taxonomy":"post_tag","embeddable":true,"href":"https:\/\/www.egemtv.com\/index.php?rest_route=%2Fwp%2Fv2%2Ftags&post=13402"}],"curies":[{"name":"wp","href":"https:\/\/api.w.org\/{rel}","templated":true}]}}