{"id":13399,"date":"2025-01-29T11:40:51","date_gmt":"2025-01-29T08:40:51","guid":{"rendered":"https:\/\/www.egemtv.com\/?p=13399"},"modified":"2025-01-29T11:40:53","modified_gmt":"2025-01-29T08:40:53","slug":"yeniaya-veda-programi","status":"publish","type":"post","link":"https:\/\/www.egemtv.com\/?p=13399","title":{"rendered":"Yeniay\u2019a veda program\u0131"},"content":{"rendered":"<p>Tar\u0131m ve Orman Bakanl\u0131\u011f\u0131 Daire Ba\u015fkanl\u0131\u011f\u0131na atanan eski Tar\u0131m ve Orman M\u00fcd\u00fcr\u00fc Emre Yeniay i\u00e7in veda program\u0131 ger\u00e7ekle\u015ftirildi.<br \/>\n<br \/>Kurum personelinin kat\u0131ld\u0131\u011f\u0131 veda program\u0131nda \u0130l Tar\u0131m ve Orman M\u00fcd\u00fcr\u00fc Ertan Kele\u015f,  Emre Yeniay\u2019a g\u00f6rev s\u00fcresi boyunca g\u00f6sterdi\u011fi hizmetler ve il tar\u0131m\u0131na verdi\u011fi katk\u0131lar i\u00e7in te\u015fekk\u00fcr ederek plaket takdim etti.<br \/><\/p>\n","protected":false},"excerpt":{"rendered":"<p>Tar\u0131m ve Orman Bakanl\u0131\u011f\u0131 Daire Ba\u015fkanl\u0131\u011f\u0131na atanan eski Tar\u0131m ve Orman M\u00fcd\u00fcr\u00fc Emre Yeniay i\u00e7in veda program\u0131 ger\u00e7ekle\u015ftirildi. Kurum personelinin kat\u0131ld\u0131\u011f\u0131 veda program\u0131nda \u0130l Tar\u0131m ve Orman M\u00fcd\u00fcr\u00fc Ertan Kele\u015f, Emre Yeniay\u2019a g\u00f6rev s\u00fcresi boyunca g\u00f6sterdi\u011fi hizmetler ve il tar\u0131m\u0131na verdi\u011fi katk\u0131lar i\u00e7in te\u015fekk\u00fcr ederek plaket takdim etti.<\/p>\n","protected":false},"author":1,"featured_media":13400,"comment_status":"open","ping_status":"open","sticky":false,"template":"","format":"standard","meta":{"_crdt_document":"","footnotes":""},"categories":[123],"tags":[],"class_list":["post-13399","post","type-post","status-publish","format-standard","has-post-thumbnail","hentry","category-gundem"],"_links":{"self":[{"href":"https:\/\/www.egemtv.com\/index.php?rest_route=\/wp\/v2\/posts\/13399","targetHints":{"allow":["GET"]}}],"collection":[{"href":"https:\/\/www.egemtv.com\/index.php?rest_route=\/wp\/v2\/posts"}],"about":[{"href":"https:\/\/www.egemtv.com\/index.php?rest_route=\/wp\/v2\/types\/post"}],"author":[{"embeddable":true,"href":"https:\/\/www.egemtv.com\/index.php?rest_route=\/wp\/v2\/users\/1"}],"replies":[{"embeddable":true,"href":"https:\/\/www.egemtv.com\/index.php?rest_route=%2Fwp%2Fv2%2Fcomments&post=13399"}],"version-history":[{"count":1,"href":"https:\/\/www.egemtv.com\/index.php?rest_route=\/wp\/v2\/posts\/13399\/revisions"}],"predecessor-version":[{"id":13401,"href":"https:\/\/www.egemtv.com\/index.php?rest_route=\/wp\/v2\/posts\/13399\/revisions\/13401"}],"wp:featuredmedia":[{"embeddable":true,"href":"https:\/\/www.egemtv.com\/index.php?rest_route=\/wp\/v2\/media\/13400"}],"wp:attachment":[{"href":"https:\/\/www.egemtv.com\/index.php?rest_route=%2Fwp%2Fv2%2Fmedia&parent=13399"}],"wp:term":[{"taxonomy":"category","embeddable":true,"href":"https:\/\/www.egemtv.com\/index.php?rest_route=%2Fwp%2Fv2%2Fcategories&post=13399"},{"taxonomy":"post_tag","embeddable":true,"href":"https:\/\/www.egemtv.com\/index.php?rest_route=%2Fwp%2Fv2%2Ftags&post=13399"}],"curies":[{"name":"wp","href":"https:\/\/api.w.org\/{rel}","templated":true}]}}