{"id":13393,"date":"2025-01-29T11:31:54","date_gmt":"2025-01-29T08:31:54","guid":{"rendered":"https:\/\/www.egemtv.com\/?p=13393"},"modified":"2025-01-29T11:31:56","modified_gmt":"2025-01-29T08:31:56","slug":"park-halindeki-kamyona-carpip-hurdaya-donen-otomobilde-yaralanan-surucuyu-itfaiye-kurtardi","status":"publish","type":"post","link":"https:\/\/www.egemtv.com\/?p=13393","title":{"rendered":"Park halindeki kamyona \u00e7arp\u0131p hurdaya d\u00f6nen otomobilde yaralanan s\u00fcr\u00fcc\u00fcy\u00fc itfaiye kurtard\u0131"},"content":{"rendered":"<p>Burdur\u2019un Bucak il\u00e7esinde gece saatlerinde direksiyon hakimiyetini kaybederek park halindeki kamyona \u00e7arp\u0131p hurdaya d\u00f6nen otomobil i\u00e7erisinde s\u0131k\u0131\u015farak yaralanan s\u00fcr\u00fcc\u00fc, itfaiye ekiplerinin uzun u\u011fra\u015flar\u0131 sonucu kurtar\u0131larak hastaneye kald\u0131r\u0131ld\u0131.<br \/>\n<br \/>Kaza, saat 00.30 s\u0131ralar\u0131nda Burdur\u2019un Bucak il\u00e7esi Atilla Mahallesi\u2019nde meydana geldi. Edinilen bilgilere g\u00f6re, Delikta\u015f Caddesi\u2019nde seyir halinde olan Osman G. (24) idaresindeki 15 ABH 07 plakal\u0131 otomobil, s\u00fcr\u00fcc\u00fcs\u00fcn\u00fcn direksiyon hakimiyetini kaybetmesi sonucu sokak \u00fczerine park halinde olan 07 ZC 671 plakal\u0131 kamyona \u00e7arpt\u0131. \u00c7arpman\u0131n \u015fiddetiyle hurdaya d\u00f6nen otomobil i\u00e7erisinde s\u0131k\u0131\u015fan Osman G. yaraland\u0131. \u00c7evredekilerin 112 Acil \u00c7a\u011fr\u0131 Merkezine ihbar\u0131 \u00fczerine olay yerine itfaiye, sa\u011fl\u0131k ve polis ekipleri sevk edildi. Olay yerine gelen itfaiye ekiplerinin \u00e7al\u0131\u015fmalar\u0131yla ara\u00e7 i\u00e7erisinden \u00e7\u0131kar\u0131lan s\u00fcr\u00fcc\u00fc, sa\u011fl\u0131k ekiplerinin ilk m\u00fcdahalesinin ard\u0131ndan ambulans ile Bucak Devlet Hastanesine kald\u0131r\u0131ld\u0131. Hastanede tedavi alt\u0131na al\u0131nan s\u00fcr\u00fcc\u00fcn\u00fcn durumunun iyi oldu\u011fu \u00f6\u011frenildi.<br \/>\n<br \/>Kaza ile ilgili inceleme ba\u015flat\u0131ld\u0131.<br \/><\/p>\n","protected":false},"excerpt":{"rendered":"<p>Burdur\u2019un Bucak il\u00e7esinde gece saatlerinde direksiyon hakimiyetini kaybederek park halindeki kamyona \u00e7arp\u0131p hurdaya d\u00f6nen otomobil i\u00e7erisinde s\u0131k\u0131\u015farak yaralanan s\u00fcr\u00fcc\u00fc, itfaiye ekiplerinin uzun u\u011fra\u015flar\u0131 sonucu kurtar\u0131larak hastaneye kald\u0131r\u0131ld\u0131. Kaza, saat 00.30 s\u0131ralar\u0131nda Burdur\u2019un Bucak il\u00e7esi Atilla Mahallesi\u2019nde meydana geldi. Edinilen bilgilere g\u00f6re, Delikta\u015f Caddesi\u2019nde seyir halinde olan Osman G. (24) idaresindeki 15 ABH 07 plakal\u0131 otomobil,&#8230;<\/p>\n","protected":false},"author":1,"featured_media":13394,"comment_status":"open","ping_status":"open","sticky":false,"template":"","format":"standard","meta":{"_crdt_document":"","footnotes":""},"categories":[5],"tags":[],"class_list":["post-13393","post","type-post","status-publish","format-standard","has-post-thumbnail","hentry","category-asayis"],"_links":{"self":[{"href":"https:\/\/www.egemtv.com\/index.php?rest_route=\/wp\/v2\/posts\/13393","targetHints":{"allow":["GET"]}}],"collection":[{"href":"https:\/\/www.egemtv.com\/index.php?rest_route=\/wp\/v2\/posts"}],"about":[{"href":"https:\/\/www.egemtv.com\/index.php?rest_route=\/wp\/v2\/types\/post"}],"author":[{"embeddable":true,"href":"https:\/\/www.egemtv.com\/index.php?rest_route=\/wp\/v2\/users\/1"}],"replies":[{"embeddable":true,"href":"https:\/\/www.egemtv.com\/index.php?rest_route=%2Fwp%2Fv2%2Fcomments&post=13393"}],"version-history":[{"count":1,"href":"https:\/\/www.egemtv.com\/index.php?rest_route=\/wp\/v2\/posts\/13393\/revisions"}],"predecessor-version":[{"id":13395,"href":"https:\/\/www.egemtv.com\/index.php?rest_route=\/wp\/v2\/posts\/13393\/revisions\/13395"}],"wp:featuredmedia":[{"embeddable":true,"href":"https:\/\/www.egemtv.com\/index.php?rest_route=\/wp\/v2\/media\/13394"}],"wp:attachment":[{"href":"https:\/\/www.egemtv.com\/index.php?rest_route=%2Fwp%2Fv2%2Fmedia&parent=13393"}],"wp:term":[{"taxonomy":"category","embeddable":true,"href":"https:\/\/www.egemtv.com\/index.php?rest_route=%2Fwp%2Fv2%2Fcategories&post=13393"},{"taxonomy":"post_tag","embeddable":true,"href":"https:\/\/www.egemtv.com\/index.php?rest_route=%2Fwp%2Fv2%2Ftags&post=13393"}],"curies":[{"name":"wp","href":"https:\/\/api.w.org\/{rel}","templated":true}]}}