{"id":13390,"date":"2025-01-29T11:28:46","date_gmt":"2025-01-29T08:28:46","guid":{"rendered":"https:\/\/www.egemtv.com\/?p=13390"},"modified":"2025-01-29T11:28:48","modified_gmt":"2025-01-29T08:28:48","slug":"kazada-kafasini-kaldirima-vuran-genc-motosiklet-surucusu-agir-yaralandi","status":"publish","type":"post","link":"https:\/\/www.egemtv.com\/?p=13390","title":{"rendered":"Kazada kafas\u0131n\u0131 kald\u0131r\u0131ma vuran gen\u00e7 motosiklet s\u00fcr\u00fcc\u00fcs\u00fc a\u011f\u0131r yaraland\u0131"},"content":{"rendered":"<p>Denizli\u2019de direksiyon hakimiyetini kaybeden 18 ya\u015f\u0131ndaki motosiklet s\u00fcr\u00fcc\u00fcs\u00fc yapt\u0131\u011f\u0131 kazada kafas\u0131n\u0131 kald\u0131r\u0131ma vurarak a\u011f\u0131r yaraland\u0131.<br \/>\n<br \/>Kaza, Merkezefendi il\u00e7esi Adalet Mahallesi\u2019nde meydana geldi. Edinilen bilgiler g\u00f6re Halil Karaka\u015fo\u011flu (18), 20 APA 799 plakal\u0131 motosikletiyle seyir halindeyken direksiyon hakimiyetini kaybetti. Kav\u015fa\u011fa girece\u011fi esnada hakimiyetini kaybeden gen\u00e7 s\u00fcr\u00fcc\u00fc, motosikletten savruldu. Savrulma sonucu kafas\u0131n\u0131 kald\u0131r\u0131ma vuran Halil Karaka\u015fo\u011flu\u2019nu g\u00f6ren \u00e7evredeki vatanda\u015flar 112 Acil \u00c7a\u011fr\u0131 Merkezine ihbarda bulundu. \u0130hbar \u00fczerine b\u00f6lgeye polis ve sa\u011fl\u0131k ekipleri sevk edildi. Sa\u011fl\u0131k ekipleri ilk m\u00fcdahalede bulundu\u011fu Halil Karaka\u015fo\u011flu\u2019nun ba\u015f\u0131ndan yaraland\u0131\u011f\u0131n\u0131 ve bilincinin kapal\u0131 oldu\u011funu belirledi. Olay yerindeki m\u00fcdahalelerinin ard\u0131ndan sa\u011fl\u0131k ekipleri yaral\u0131 genci ambulansla Servergazi Devlet Hastanesine kald\u0131rd\u0131. Ekiplerin olay yerinde yapt\u0131\u011f\u0131 incelemelerin ard\u0131ndan kazal\u0131 motosiklet \u00e7ekici yard\u0131m\u0131yla kald\u0131r\u0131l\u0131rken, gen\u00e7 s\u00fcr\u00fcc\u00fcn\u00fcn hayati tehlikesinin bulundu\u011fu \u00f6\u011frenildi.<br \/>\n<br \/>Kazayla ilgili soru\u015fturma ba\u015flat\u0131ld\u0131.<br \/><\/p>\n","protected":false},"excerpt":{"rendered":"<p>Denizli\u2019de direksiyon hakimiyetini kaybeden 18 ya\u015f\u0131ndaki motosiklet s\u00fcr\u00fcc\u00fcs\u00fc yapt\u0131\u011f\u0131 kazada kafas\u0131n\u0131 kald\u0131r\u0131ma vurarak a\u011f\u0131r yaraland\u0131. Kaza, Merkezefendi il\u00e7esi Adalet Mahallesi\u2019nde meydana geldi. Edinilen bilgiler g\u00f6re Halil Karaka\u015fo\u011flu (18), 20 APA 799 plakal\u0131 motosikletiyle seyir halindeyken direksiyon hakimiyetini kaybetti. Kav\u015fa\u011fa girece\u011fi esnada hakimiyetini kaybeden gen\u00e7 s\u00fcr\u00fcc\u00fc, motosikletten savruldu. Savrulma sonucu kafas\u0131n\u0131 kald\u0131r\u0131ma vuran Halil Karaka\u015fo\u011flu\u2019nu g\u00f6ren&#8230;<\/p>\n","protected":false},"author":1,"featured_media":13391,"comment_status":"open","ping_status":"open","sticky":false,"template":"","format":"standard","meta":{"_crdt_document":"","footnotes":""},"categories":[5],"tags":[],"class_list":["post-13390","post","type-post","status-publish","format-standard","has-post-thumbnail","hentry","category-asayis"],"_links":{"self":[{"href":"https:\/\/www.egemtv.com\/index.php?rest_route=\/wp\/v2\/posts\/13390","targetHints":{"allow":["GET"]}}],"collection":[{"href":"https:\/\/www.egemtv.com\/index.php?rest_route=\/wp\/v2\/posts"}],"about":[{"href":"https:\/\/www.egemtv.com\/index.php?rest_route=\/wp\/v2\/types\/post"}],"author":[{"embeddable":true,"href":"https:\/\/www.egemtv.com\/index.php?rest_route=\/wp\/v2\/users\/1"}],"replies":[{"embeddable":true,"href":"https:\/\/www.egemtv.com\/index.php?rest_route=%2Fwp%2Fv2%2Fcomments&post=13390"}],"version-history":[{"count":1,"href":"https:\/\/www.egemtv.com\/index.php?rest_route=\/wp\/v2\/posts\/13390\/revisions"}],"predecessor-version":[{"id":13392,"href":"https:\/\/www.egemtv.com\/index.php?rest_route=\/wp\/v2\/posts\/13390\/revisions\/13392"}],"wp:featuredmedia":[{"embeddable":true,"href":"https:\/\/www.egemtv.com\/index.php?rest_route=\/wp\/v2\/media\/13391"}],"wp:attachment":[{"href":"https:\/\/www.egemtv.com\/index.php?rest_route=%2Fwp%2Fv2%2Fmedia&parent=13390"}],"wp:term":[{"taxonomy":"category","embeddable":true,"href":"https:\/\/www.egemtv.com\/index.php?rest_route=%2Fwp%2Fv2%2Fcategories&post=13390"},{"taxonomy":"post_tag","embeddable":true,"href":"https:\/\/www.egemtv.com\/index.php?rest_route=%2Fwp%2Fv2%2Ftags&post=13390"}],"curies":[{"name":"wp","href":"https:\/\/api.w.org\/{rel}","templated":true}]}}