{"id":13387,"date":"2025-01-29T11:28:44","date_gmt":"2025-01-29T08:28:44","guid":{"rendered":"https:\/\/www.egemtv.com\/?p=13387"},"modified":"2025-01-29T11:28:46","modified_gmt":"2025-01-29T08:28:46","slug":"bornovada-zabita-ile-esnaf-arasinda-isgaliye-kavgasi","status":"publish","type":"post","link":"https:\/\/www.egemtv.com\/?p=13387","title":{"rendered":"Bornova\u2019da zab\u0131ta ile esnaf aras\u0131nda \u2019i\u015fgaliye\u2019 kavgas\u0131"},"content":{"rendered":"<p>\u0130zmir\u2019in Bornova il\u00e7esinde, kald\u0131r\u0131m i\u015fgali sebebiyle zab\u0131ta ekipleri ile esnaf aras\u0131nda \u00e7\u0131kan tart\u0131\u015fma kavgaya d\u00f6n\u00fc\u015ft\u00fc. Engelli bir vatanda\u015f\u0131n da yaraland\u0131\u011f\u0131 olay, g\u00fcvenlik kameras\u0131na yans\u0131d\u0131.<br \/>\n<br \/>Olay, Bornova il\u00e7esine ba\u011fl\u0131 Kaz\u0131mdirik Mahallesi 152 Sokak\u2019ta meydana geldi. \u0130ddiaya g\u00f6re, Bornova Belediyesine ba\u011fl\u0131 zab\u0131ta ekipleri, esnaf Hakk\u0131 Sarcan\u2019a ait i\u015fletmenin \u00f6n\u00fcndeki masa ve sandalyeleri kald\u0131rmak istedi. O esnada esnaf Sarcan, belediyeye i\u015fgaliye bedeli \u00f6dedi\u011fini gerek\u00e7e g\u00f6stererek duruma itiraz etti. E\u015finin o s\u0131rada zab\u0131ta ekipleri ile tart\u0131\u015fma i\u00e7erisine girdi\u011fini g\u00f6ren Sarcan, e\u015fini olay yerinden uzakla\u015ft\u0131rmak istedi. Daha sonra tart\u0131\u015fman\u0131n b\u00fcy\u00fcmesiyle zab\u0131ta ekipleri ve esnaf aras\u0131nda arbede olu\u015ftu. Arbedenin ortas\u0131nda kalan bir engelli vatanda\u015f yaraland\u0131. O anlar g\u00fcvenlik kameras\u0131na yans\u0131d\u0131.<\/p>\n<p>\u201cMa\u011fdur olduk, darp raporumuzu ald\u0131k\u201d<br \/>\n<br \/>Esnaf Hakk\u0131 Sarcan (34) ise \u201cG\u00fcr\u00fclt\u00fc duyduk ve d\u00fckkan\u0131n \u00f6n\u00fcne \u00e7\u0131kt\u0131k. 2 belediye arac\u0131 ve yakla\u015f\u0131k 15-20 zab\u0131ta ekibi bizim oldu\u011fumuz yere do\u011fru geliyordu. Kald\u0131r\u0131mdaki malzemeleri alarak ilerliyorlard\u0131. Bizim eksi\u011fimiz yoktu. Kap\u0131n\u0131n 1 bu\u00e7uk metre \u00f6n\u00fcnde duran masa ve sandalyeyi almaya \u00e7al\u0131\u015ft\u0131lar. Ben de \u2018Biz buran\u0131n i\u015fgaliye bedelini veriyoruz. Niye al\u0131yorsunuz?\u2019 dedim. Vatanda\u015f buradan ge\u00e7emezse biz de para kazanamay\u0131z. E\u015fim olaya m\u00fcdahil olarak tart\u0131\u015fmaya ba\u015flad\u0131. Ben de e\u015fimi oradan \u00e7\u0131karmak i\u00e7in m\u00fcdahale ettim. Sonra zab\u0131talar \u00fczerime gelerek bana sald\u0131rd\u0131. Ne oldu\u011funu anlamad\u0131k. Ma\u011fdur olduk. Darp raporlar\u0131m\u0131z\u0131 ald\u0131k. \u0130\u015fgaliye bedelini de veriyoruz. Biz \u015fok olduk ve belediyemiz a\u00e7\u0131s\u0131ndan utand\u0131k. Belediyeyle de kom\u015fuyuz. \u00c7o\u011fu bizden yer, i\u00e7er ve al\u0131\u015fveri\u015f yapar. \u015eikayet\u00e7i olduk\u201d \u015feklinde konu\u015ftu.<\/p>\n<p>\u201cBen engelli bireyim, arbedede aya\u011f\u0131ma tekmeler yedim\u201d<br \/>\n<br \/>Arbedenin ya\u015fand\u0131\u011f\u0131 anlar\u0131 anlatan bedensel engelli esnaf Eren \u00d6zdemir (21), \u201cNormal bir \u015fekilde i\u015fimi yap\u0131yordum. Sesleri duyunca d\u0131\u015far\u0131ya bakt\u0131m. Esnaf abimizin zab\u0131talar\u0131n aras\u0131nda kald\u0131\u011f\u0131n\u0131 ve ona sald\u0131rd\u0131klar\u0131n\u0131 g\u00f6rd\u00fcm. Yakla\u015f\u0131k 10\u2019a yak\u0131n zab\u0131ta, esnaf abimizin \u00fczerine geldi. Yard\u0131mc\u0131 olmak istedim ama o s\u0131rada darp edildim. Ben engelli bir bireyim. Arbede esnas\u0131nda aya\u011f\u0131ma tekmeler yedim. Olay\u0131n i\u00e7inden \u00e7\u0131kmaya \u00e7al\u0131\u015f\u0131rken bir zab\u0131ta beni olay\u0131n i\u00e7ine geri \u00e7ekmeye \u00e7al\u0131\u015ft\u0131. Omzumdaki yaralar\u0131n izi biraz ge\u00e7ti ama olay an\u0131nda \u00e7ok k\u00f6t\u00fcyd\u00fc. Hem psikolojik hem fiziksel olarak etkilendim.\u201d diye konu\u015ftu.<br \/>\n<br \/>Belediyenin kendilerine verdi\u011fi s\u0131n\u0131r\u0131n d\u0131\u015f\u0131na \u00e7\u0131kmad\u0131klar\u0131n\u0131 belirten \u00d6zdemir, her ay belediyeye 750-900 TL aras\u0131nda \u00f6deme yapt\u0131klar\u0131n\u0131 da s\u00f6zlerine ekledi.<\/p>\n<p>\u201cBile\u011fim \u015fi\u015fti\u201d<br \/>\n<br \/>Kavga an\u0131n\u0131 cep telefonuyla kay\u0131t alt\u0131na alan esnaf Elif Merto\u011flu (29) da \u015funlar\u0131 kaydetti: \u201cBu olay\u0131 daha sonra herkesin g\u00f6rmesini istedim. Bir anda herkese vurmaya ba\u015flad\u0131lar. \u00c7ekim yapt\u0131\u011f\u0131m\u0131 g\u00f6ren bir zab\u0131ta kolumu tuttu ve bana \u2018\u00c7ekim yapamazs\u0131n\u2019 dedi. Telefonu elimden almaya \u00e7al\u0131\u015ft\u0131lar. Kad\u0131n, \u00e7ocuk demeden herkes darp edildi. Bile\u011fim o g\u00fcn \u015fi\u015fti, morard\u0131. Belediye ile bu kadar dip dibeyken bize bu \u015fekilde m\u00fcdahale edilmesine anlam veremiyorum.\u201d<br \/><\/p>\n","protected":false},"excerpt":{"rendered":"<p>\u0130zmir\u2019in Bornova il\u00e7esinde, kald\u0131r\u0131m i\u015fgali sebebiyle zab\u0131ta ekipleri ile esnaf aras\u0131nda \u00e7\u0131kan tart\u0131\u015fma kavgaya d\u00f6n\u00fc\u015ft\u00fc. Engelli bir vatanda\u015f\u0131n da yaraland\u0131\u011f\u0131 olay, g\u00fcvenlik kameras\u0131na yans\u0131d\u0131. Olay, Bornova il\u00e7esine ba\u011fl\u0131 Kaz\u0131mdirik Mahallesi 152 Sokak\u2019ta meydana geldi. \u0130ddiaya g\u00f6re, Bornova Belediyesine ba\u011fl\u0131 zab\u0131ta ekipleri, esnaf Hakk\u0131 Sarcan\u2019a ait i\u015fletmenin \u00f6n\u00fcndeki masa ve sandalyeleri kald\u0131rmak istedi. O esnada esnaf&#8230;<\/p>\n","protected":false},"author":1,"featured_media":13388,"comment_status":"open","ping_status":"open","sticky":false,"template":"","format":"standard","meta":{"_crdt_document":"","footnotes":""},"categories":[1],"tags":[],"class_list":["post-13387","post","type-post","status-publish","format-standard","has-post-thumbnail","hentry","category-guncel"],"_links":{"self":[{"href":"https:\/\/www.egemtv.com\/index.php?rest_route=\/wp\/v2\/posts\/13387","targetHints":{"allow":["GET"]}}],"collection":[{"href":"https:\/\/www.egemtv.com\/index.php?rest_route=\/wp\/v2\/posts"}],"about":[{"href":"https:\/\/www.egemtv.com\/index.php?rest_route=\/wp\/v2\/types\/post"}],"author":[{"embeddable":true,"href":"https:\/\/www.egemtv.com\/index.php?rest_route=\/wp\/v2\/users\/1"}],"replies":[{"embeddable":true,"href":"https:\/\/www.egemtv.com\/index.php?rest_route=%2Fwp%2Fv2%2Fcomments&post=13387"}],"version-history":[{"count":1,"href":"https:\/\/www.egemtv.com\/index.php?rest_route=\/wp\/v2\/posts\/13387\/revisions"}],"predecessor-version":[{"id":13389,"href":"https:\/\/www.egemtv.com\/index.php?rest_route=\/wp\/v2\/posts\/13387\/revisions\/13389"}],"wp:featuredmedia":[{"embeddable":true,"href":"https:\/\/www.egemtv.com\/index.php?rest_route=\/wp\/v2\/media\/13388"}],"wp:attachment":[{"href":"https:\/\/www.egemtv.com\/index.php?rest_route=%2Fwp%2Fv2%2Fmedia&parent=13387"}],"wp:term":[{"taxonomy":"category","embeddable":true,"href":"https:\/\/www.egemtv.com\/index.php?rest_route=%2Fwp%2Fv2%2Fcategories&post=13387"},{"taxonomy":"post_tag","embeddable":true,"href":"https:\/\/www.egemtv.com\/index.php?rest_route=%2Fwp%2Fv2%2Ftags&post=13387"}],"curies":[{"name":"wp","href":"https:\/\/api.w.org\/{rel}","templated":true}]}}