{"id":13384,"date":"2025-01-29T11:28:41","date_gmt":"2025-01-29T08:28:41","guid":{"rendered":"https:\/\/www.egemtv.com\/?p=13384"},"modified":"2025-01-29T11:28:43","modified_gmt":"2025-01-29T08:28:43","slug":"karacasuda-yabani-otlar-ilaclandi","status":"publish","type":"post","link":"https:\/\/www.egemtv.com\/?p=13384","title":{"rendered":"Karacasu\u2019da yabani otlar ila\u00e7land\u0131"},"content":{"rendered":"<p>Ayd\u0131n\u2019\u0131n Karacasu il\u00e7esinde \u00e7al\u0131\u015fmalar\u0131na devama eden belediye ekipleri, Yenice Mahallesi\u2019ndeki yabani otlar\u0131 ila\u00e7lad\u0131.<\/p>\n<p>Karacasu Belediyesi, il\u00e7e genelindeki bak\u0131m, onar\u0131m ve temizlik \u00e7al\u0131\u015fmalar\u0131na devam ediyor. Bu \u00e7er\u00e7evede sahaya inen ekipler, Yenice Mahallesi\u2019nde \u00e7al\u0131\u015fma ger\u00e7ekle\u015ftirdi. Mahalle genelindeki park, bah\u00e7e ve mezarl\u0131klar\u0131 gezen ekipler, ye\u015fil alanlardaki yabani otlar\u0131 ila\u00e7lad\u0131. Yaz haz\u0131rl\u0131klar\u0131 kapsam\u0131nda yap\u0131lan \u00e7al\u0131\u015fmalar\u0131n il\u00e7e genelinde s\u00fcrece\u011fi \u00f6\u011frenilirken konu ile ilgili Karacasu Belediyesi\u2019nden yap\u0131lan a\u00e7\u0131klamada &#8220;Ekiplerimiz, yaz mevsimi haz\u0131rl\u0131klar\u0131 kapsam\u0131nda il\u00e7e genelinde yabani ot m\u00fccadelesine ba\u015flad\u0131. Mezarl\u0131klar, ye\u015fil alanlar, yol ve kald\u0131r\u0131m kenarlar\u0131ndaki yabani otlar ila\u00e7lan\u0131yor. Belirlenen program dahilinde il\u00e7e merkezimiz ve t\u00fcm mahallelerimizde ila\u00e7lama \u00e7al\u0131\u015fmalar\u0131m\u0131z devam edecektir&#8221; ifadeleri yer ald\u0131.<br \/><\/p>\n","protected":false},"excerpt":{"rendered":"<p>Ayd\u0131n\u2019\u0131n Karacasu il\u00e7esinde \u00e7al\u0131\u015fmalar\u0131na devama eden belediye ekipleri, Yenice Mahallesi\u2019ndeki yabani otlar\u0131 ila\u00e7lad\u0131. Karacasu Belediyesi, il\u00e7e genelindeki bak\u0131m, onar\u0131m ve temizlik \u00e7al\u0131\u015fmalar\u0131na devam ediyor. Bu \u00e7er\u00e7evede sahaya inen ekipler, Yenice Mahallesi\u2019nde \u00e7al\u0131\u015fma ger\u00e7ekle\u015ftirdi. Mahalle genelindeki park, bah\u00e7e ve mezarl\u0131klar\u0131 gezen ekipler, ye\u015fil alanlardaki yabani otlar\u0131 ila\u00e7lad\u0131. Yaz haz\u0131rl\u0131klar\u0131 kapsam\u0131nda yap\u0131lan \u00e7al\u0131\u015fmalar\u0131n il\u00e7e genelinde s\u00fcrece\u011fi \u00f6\u011frenilirken&#8230;<\/p>\n","protected":false},"author":1,"featured_media":13385,"comment_status":"open","ping_status":"open","sticky":false,"template":"","format":"standard","meta":{"_crdt_document":"","footnotes":""},"categories":[1],"tags":[],"class_list":["post-13384","post","type-post","status-publish","format-standard","has-post-thumbnail","hentry","category-guncel"],"_links":{"self":[{"href":"https:\/\/www.egemtv.com\/index.php?rest_route=\/wp\/v2\/posts\/13384","targetHints":{"allow":["GET"]}}],"collection":[{"href":"https:\/\/www.egemtv.com\/index.php?rest_route=\/wp\/v2\/posts"}],"about":[{"href":"https:\/\/www.egemtv.com\/index.php?rest_route=\/wp\/v2\/types\/post"}],"author":[{"embeddable":true,"href":"https:\/\/www.egemtv.com\/index.php?rest_route=\/wp\/v2\/users\/1"}],"replies":[{"embeddable":true,"href":"https:\/\/www.egemtv.com\/index.php?rest_route=%2Fwp%2Fv2%2Fcomments&post=13384"}],"version-history":[{"count":1,"href":"https:\/\/www.egemtv.com\/index.php?rest_route=\/wp\/v2\/posts\/13384\/revisions"}],"predecessor-version":[{"id":13386,"href":"https:\/\/www.egemtv.com\/index.php?rest_route=\/wp\/v2\/posts\/13384\/revisions\/13386"}],"wp:featuredmedia":[{"embeddable":true,"href":"https:\/\/www.egemtv.com\/index.php?rest_route=\/wp\/v2\/media\/13385"}],"wp:attachment":[{"href":"https:\/\/www.egemtv.com\/index.php?rest_route=%2Fwp%2Fv2%2Fmedia&parent=13384"}],"wp:term":[{"taxonomy":"category","embeddable":true,"href":"https:\/\/www.egemtv.com\/index.php?rest_route=%2Fwp%2Fv2%2Fcategories&post=13384"},{"taxonomy":"post_tag","embeddable":true,"href":"https:\/\/www.egemtv.com\/index.php?rest_route=%2Fwp%2Fv2%2Ftags&post=13384"}],"curies":[{"name":"wp","href":"https:\/\/api.w.org\/{rel}","templated":true}]}}