{"id":13381,"date":"2025-01-29T11:19:31","date_gmt":"2025-01-29T08:19:31","guid":{"rendered":"https:\/\/www.egemtv.com\/?p=13381"},"modified":"2025-01-29T11:19:33","modified_gmt":"2025-01-29T08:19:33","slug":"muglali-gencler-bitlisi-gezdi","status":"publish","type":"post","link":"https:\/\/www.egemtv.com\/?p=13381","title":{"rendered":"Mu\u011flal\u0131 gen\u00e7ler, Bitlis\u2019i gezdi"},"content":{"rendered":"<p>Mu\u011fla Gen\u00e7lik ve Spor \u0130l M\u00fcd\u00fcrl\u00fc\u011f\u00fc b\u00fcnyesinde faaliyetlerini s\u00fcrd\u00fcren Mu\u011fla Uluslararas\u0131 Gen\u00e7lik Merkezi g\u00f6n\u00fcll\u00fc gen\u00e7leri, Gen\u00e7lik ve Spor Bakanl\u0131\u011f\u0131 taraf\u0131ndan d\u00fczenlenen Tarih, K\u00fclt\u00fcr ve Medeniyet Kamplar\u0131 kapsam\u0131nda Bitlis Ahlat\u2019ta tarihi ve k\u00fclt\u00fcrel mekanlar\u0131 ziyaret etmeye ba\u015flad\u0131.<\/p>\n<p>Her y\u0131l d\u00fczenlenen ve gen\u00e7lerin tarih ve medeniyet bilinci kazanmas\u0131n\u0131 ama\u00e7layan kamplar, 2025 y\u0131l\u0131nda da yo\u011fun ilgi g\u00f6r\u00fcyor. 16-25 ya\u015f aras\u0131ndaki gen\u00e7lere \u00f6zel olarak d\u00fczenlenen program, kat\u0131l\u0131mc\u0131lar\u0131n milli kimlik ve aidiyet duygusunu g\u00fc\u00e7lendirmesine katk\u0131 sa\u011flarken, \u00fclkemizin \u00f6nemli tarihi ve k\u00fclt\u00fcrel noktalar\u0131n\u0131 ke\u015ffetme f\u0131rsat\u0131 sunuyor.<\/p>\n<p>Gen\u00e7ler, Bitlis Ahlat\u2019\u0131n tarihi miras\u0131n\u0131 yerinde g\u00f6rme imkan\u0131 bulurken, kamp s\u00fcresince d\u00fczenlenen etkinliklerle milli birlik ve beraberlik duygular\u0131n\u0131 da peki\u015ftiriyor. Kamplar, Bitlis Ahlat, \u00c7anakkale Eceabat, Erzurum A\u015fkale, \u0130stanbul Esenler ve Nev\u015fehir Kapadokya olmak \u00fczere T\u00fcrkiye\u2019nin farkl\u0131 \u015fehirlerinde ger\u00e7ekle\u015ftiriliyor.<\/p>\n<p>Kampta unutulmaz bir deneyim ya\u015fad\u0131\u011f\u0131n\u0131 ifade eden MSK\u00dc \u00f6\u011frencisi ve g\u00f6n\u00fcll\u00fc gen\u00e7lerden Davut \u00c7ift\u00e7i, duygular\u0131n\u0131 \u015fu s\u00f6zlerle dile getirdi: &#8220;Medeniyet, tarih ve k\u00fclt\u00fcr yolculu\u011funa \u00e7\u0131karak unutulmaz bir deneyim ya\u015fad\u0131\u011f\u0131m i\u00e7in \u00e7ok mutluyum. Bitlis Ahlat kamp\u0131, hem do\u011fas\u0131 hem de tarihi mekanlar\u0131yla bana farkl\u0131 bir bak\u0131\u015f a\u00e7\u0131s\u0131 kazand\u0131rd\u0131. Gen\u00e7lik ve Spor Bakanl\u0131\u011f\u0131m\u0131za ve bizlere her an destek olan gen\u00e7lik \u00e7al\u0131\u015fanlar\u0131m\u0131za te\u015fekk\u00fcr ederim&#8221; dedi.<br \/><\/p>\n","protected":false},"excerpt":{"rendered":"<p>Mu\u011fla Gen\u00e7lik ve Spor \u0130l M\u00fcd\u00fcrl\u00fc\u011f\u00fc b\u00fcnyesinde faaliyetlerini s\u00fcrd\u00fcren Mu\u011fla Uluslararas\u0131 Gen\u00e7lik Merkezi g\u00f6n\u00fcll\u00fc gen\u00e7leri, Gen\u00e7lik ve Spor Bakanl\u0131\u011f\u0131 taraf\u0131ndan d\u00fczenlenen Tarih, K\u00fclt\u00fcr ve Medeniyet Kamplar\u0131 kapsam\u0131nda Bitlis Ahlat\u2019ta tarihi ve k\u00fclt\u00fcrel mekanlar\u0131 ziyaret etmeye ba\u015flad\u0131. Her y\u0131l d\u00fczenlenen ve gen\u00e7lerin tarih ve medeniyet bilinci kazanmas\u0131n\u0131 ama\u00e7layan kamplar, 2025 y\u0131l\u0131nda da yo\u011fun ilgi g\u00f6r\u00fcyor. 16-25&#8230;<\/p>\n","protected":false},"author":1,"featured_media":13382,"comment_status":"open","ping_status":"open","sticky":false,"template":"","format":"standard","meta":{"_crdt_document":"","footnotes":""},"categories":[1],"tags":[],"class_list":["post-13381","post","type-post","status-publish","format-standard","has-post-thumbnail","hentry","category-guncel"],"_links":{"self":[{"href":"https:\/\/www.egemtv.com\/index.php?rest_route=\/wp\/v2\/posts\/13381","targetHints":{"allow":["GET"]}}],"collection":[{"href":"https:\/\/www.egemtv.com\/index.php?rest_route=\/wp\/v2\/posts"}],"about":[{"href":"https:\/\/www.egemtv.com\/index.php?rest_route=\/wp\/v2\/types\/post"}],"author":[{"embeddable":true,"href":"https:\/\/www.egemtv.com\/index.php?rest_route=\/wp\/v2\/users\/1"}],"replies":[{"embeddable":true,"href":"https:\/\/www.egemtv.com\/index.php?rest_route=%2Fwp%2Fv2%2Fcomments&post=13381"}],"version-history":[{"count":1,"href":"https:\/\/www.egemtv.com\/index.php?rest_route=\/wp\/v2\/posts\/13381\/revisions"}],"predecessor-version":[{"id":13383,"href":"https:\/\/www.egemtv.com\/index.php?rest_route=\/wp\/v2\/posts\/13381\/revisions\/13383"}],"wp:featuredmedia":[{"embeddable":true,"href":"https:\/\/www.egemtv.com\/index.php?rest_route=\/wp\/v2\/media\/13382"}],"wp:attachment":[{"href":"https:\/\/www.egemtv.com\/index.php?rest_route=%2Fwp%2Fv2%2Fmedia&parent=13381"}],"wp:term":[{"taxonomy":"category","embeddable":true,"href":"https:\/\/www.egemtv.com\/index.php?rest_route=%2Fwp%2Fv2%2Fcategories&post=13381"},{"taxonomy":"post_tag","embeddable":true,"href":"https:\/\/www.egemtv.com\/index.php?rest_route=%2Fwp%2Fv2%2Ftags&post=13381"}],"curies":[{"name":"wp","href":"https:\/\/api.w.org\/{rel}","templated":true}]}}