{"id":13375,"date":"2025-01-29T11:19:27","date_gmt":"2025-01-29T08:19:27","guid":{"rendered":"https:\/\/www.egemtv.com\/?p=13375"},"modified":"2025-01-29T11:19:29","modified_gmt":"2025-01-29T08:19:29","slug":"yatagan-ilce-milli-egitim-mudurlugune-bostan-gorevlendirildi","status":"publish","type":"post","link":"https:\/\/www.egemtv.com\/?p=13375","title":{"rendered":"Yata\u011fan \u0130l\u00e7e Milli E\u011fitim M\u00fcd\u00fcrl\u00fc\u011f\u00fc\u2019ne Bostan g\u00f6revlendirildi"},"content":{"rendered":"<p>Mu\u011fla\u2019n\u0131n Yata\u011fan il\u00e7esinde \u0130l\u00e7e Milli E\u011fitim M\u00fcd\u00fcr\u00fc Osman Alemdar\u2019\u0131n emekliye ayr\u0131lmas\u0131n\u0131n ard\u0131ndan, yerine Gen\u00e7lik Merkezi M\u00fcd\u00fcr\u00fc Murat Bostan g\u00f6revlendirildi.<\/p>\n<p>G\u00f6revine ba\u015flayan Murat Bostan, il\u00e7edeki e\u011fitim faaliyetlerini daha ileriye ta\u015f\u0131mak i\u00e7in yo\u011fun bir \u015fekilde \u00e7al\u0131\u015faca\u011f\u0131n\u0131 belirtti. E\u011fitim camias\u0131nda y\u00fcr\u00fctt\u00fc\u011f\u00fc ba\u015far\u0131l\u0131 projelerle tan\u0131nan Bostan, yenilik\u00e7i ad\u0131mlar atmay\u0131 ve il\u00e7enin e\u011fitim kalitesini art\u0131rmay\u0131 hedefledi\u011fini ifade etti.<\/p>\n<p>Yeni g\u00f6revine ili\u015fkin a\u00e7\u0131klamada bulunan Murat Bostan, \u201c\u0130l\u00e7emizin e\u011fitim standartlar\u0131n\u0131 y\u00fckseltmek ve \u00f6\u011frencilerimizin gelece\u011fine katk\u0131 sa\u011flamak i\u00e7in var g\u00fcc\u00fcm\u00fczle \u00e7al\u0131\u015faca\u011f\u0131z\u201d dedi.<br \/><\/p>\n","protected":false},"excerpt":{"rendered":"<p>Mu\u011fla\u2019n\u0131n Yata\u011fan il\u00e7esinde \u0130l\u00e7e Milli E\u011fitim M\u00fcd\u00fcr\u00fc Osman Alemdar\u2019\u0131n emekliye ayr\u0131lmas\u0131n\u0131n ard\u0131ndan, yerine Gen\u00e7lik Merkezi M\u00fcd\u00fcr\u00fc Murat Bostan g\u00f6revlendirildi. G\u00f6revine ba\u015flayan Murat Bostan, il\u00e7edeki e\u011fitim faaliyetlerini daha ileriye ta\u015f\u0131mak i\u00e7in yo\u011fun bir \u015fekilde \u00e7al\u0131\u015faca\u011f\u0131n\u0131 belirtti. E\u011fitim camias\u0131nda y\u00fcr\u00fctt\u00fc\u011f\u00fc ba\u015far\u0131l\u0131 projelerle tan\u0131nan Bostan, yenilik\u00e7i ad\u0131mlar atmay\u0131 ve il\u00e7enin e\u011fitim kalitesini art\u0131rmay\u0131 hedefledi\u011fini ifade etti. Yeni g\u00f6revine&#8230;<\/p>\n","protected":false},"author":1,"featured_media":13376,"comment_status":"open","ping_status":"open","sticky":false,"template":"","format":"standard","meta":{"_crdt_document":"","footnotes":""},"categories":[1],"tags":[],"class_list":["post-13375","post","type-post","status-publish","format-standard","has-post-thumbnail","hentry","category-guncel"],"_links":{"self":[{"href":"https:\/\/www.egemtv.com\/index.php?rest_route=\/wp\/v2\/posts\/13375","targetHints":{"allow":["GET"]}}],"collection":[{"href":"https:\/\/www.egemtv.com\/index.php?rest_route=\/wp\/v2\/posts"}],"about":[{"href":"https:\/\/www.egemtv.com\/index.php?rest_route=\/wp\/v2\/types\/post"}],"author":[{"embeddable":true,"href":"https:\/\/www.egemtv.com\/index.php?rest_route=\/wp\/v2\/users\/1"}],"replies":[{"embeddable":true,"href":"https:\/\/www.egemtv.com\/index.php?rest_route=%2Fwp%2Fv2%2Fcomments&post=13375"}],"version-history":[{"count":1,"href":"https:\/\/www.egemtv.com\/index.php?rest_route=\/wp\/v2\/posts\/13375\/revisions"}],"predecessor-version":[{"id":13377,"href":"https:\/\/www.egemtv.com\/index.php?rest_route=\/wp\/v2\/posts\/13375\/revisions\/13377"}],"wp:featuredmedia":[{"embeddable":true,"href":"https:\/\/www.egemtv.com\/index.php?rest_route=\/wp\/v2\/media\/13376"}],"wp:attachment":[{"href":"https:\/\/www.egemtv.com\/index.php?rest_route=%2Fwp%2Fv2%2Fmedia&parent=13375"}],"wp:term":[{"taxonomy":"category","embeddable":true,"href":"https:\/\/www.egemtv.com\/index.php?rest_route=%2Fwp%2Fv2%2Fcategories&post=13375"},{"taxonomy":"post_tag","embeddable":true,"href":"https:\/\/www.egemtv.com\/index.php?rest_route=%2Fwp%2Fv2%2Ftags&post=13375"}],"curies":[{"name":"wp","href":"https:\/\/api.w.org\/{rel}","templated":true}]}}