{"id":13372,"date":"2025-01-29T11:19:24","date_gmt":"2025-01-29T08:19:24","guid":{"rendered":"https:\/\/www.egemtv.com\/?p=13372"},"modified":"2025-01-29T11:19:26","modified_gmt":"2025-01-29T08:19:26","slug":"bozdoganli-ureticiler-tarim-sigortalari-hakkinda-bilgilendirildi","status":"publish","type":"post","link":"https:\/\/www.egemtv.com\/?p=13372","title":{"rendered":"Bozdo\u011fanl\u0131 \u00fcreticiler, tar\u0131m sigortalar\u0131 hakk\u0131nda bilgilendirildi"},"content":{"rendered":"<p>Ayd\u0131n\u2019\u0131n Bozdo\u011fan il\u00e7esindeki \u00fcreticilere Tar\u0131m Sigortalar\u0131 Havuzu\u2019nun (TARS\u0130M) \u00f6nemi anlat\u0131larak bilgilendirildi.<\/p>\n<p>T\u00fcrkiye\u2019nin \u00f6nemli tar\u0131m kentlerinden olan Ayd\u0131n\u2019da, \u0130l Tar\u0131m ve Orman M\u00fcd\u00fcrl\u00fc\u011f\u00fc koordinesinde \u00fcreticilere y\u00f6nelik bilgilendirme \u00e7al\u0131\u015fmalar\u0131 devam ediyor. Bu \u00e7er\u00e7evede Bozdo\u011fan il\u00e7esini ziyaret eden Ayd\u0131n \u0130l Tar\u0131m ve Orman M\u00fcd\u00fcrl\u00fc\u011f\u00fc ekipleri \u00fcreticiler ile bir araya geldi. Bozdo\u011fan Ziraat Odas\u0131\u2019n\u0131n ev sahipli\u011finde ger\u00e7ekle\u015ftirilen toplant\u0131da Tar\u0131m Sigortalar\u0131 Havuzu (TARS\u0130M) ve \u00f6nemi hakk\u0131nda bilgilendirmeler yap\u0131ld\u0131. Toplant\u0131ya kat\u0131lan TARS\u0130M B\u00f6lge M\u00fcd\u00fcr\u00fc Oktay \u00c7ak\u0131ro\u011flu ise \u00fcreticilere tar\u0131m sigortalar\u0131ndaki yenilikler ve TARS\u0130M sigortas\u0131n\u0131n \u00f6nemi hakk\u0131nda  \u00e7ift\u00e7ilere bilgilendirmelerde bulundu.<br \/>\n<br \/>Kar\u015f\u0131l\u0131kl\u0131 soru cevap \u015feklinde devam eden toplant\u0131ya, TARS\u0130M B\u00f6lge M\u00fcd\u00fcr\u00fc Oktay \u00c7ak\u0131ro\u011flu, Koordinasyon ve Tar\u0131msal Veriler \u015eube M\u00fcd\u00fcr\u00fc Adem Kaplan, Bozdo\u011fan \u0130l\u00e7e Tar\u0131m ve Orman M\u00fcd\u00fcr\u00fc Soner Altun, Bozdo\u011fan Ziraat Odas\u0131 Ba\u015fkan\u0131 Kemal \u00d6zcan il m\u00fcd\u00fcrl\u00fc\u011f\u00fc teknik personeli, muhtarlar\u0131 ve \u00fcreticiler kat\u0131ld\u0131.<br \/><\/p>\n","protected":false},"excerpt":{"rendered":"<p>Ayd\u0131n\u2019\u0131n Bozdo\u011fan il\u00e7esindeki \u00fcreticilere Tar\u0131m Sigortalar\u0131 Havuzu\u2019nun (TARS\u0130M) \u00f6nemi anlat\u0131larak bilgilendirildi. T\u00fcrkiye\u2019nin \u00f6nemli tar\u0131m kentlerinden olan Ayd\u0131n\u2019da, \u0130l Tar\u0131m ve Orman M\u00fcd\u00fcrl\u00fc\u011f\u00fc koordinesinde \u00fcreticilere y\u00f6nelik bilgilendirme \u00e7al\u0131\u015fmalar\u0131 devam ediyor. Bu \u00e7er\u00e7evede Bozdo\u011fan il\u00e7esini ziyaret eden Ayd\u0131n \u0130l Tar\u0131m ve Orman M\u00fcd\u00fcrl\u00fc\u011f\u00fc ekipleri \u00fcreticiler ile bir araya geldi. Bozdo\u011fan Ziraat Odas\u0131\u2019n\u0131n ev sahipli\u011finde ger\u00e7ekle\u015ftirilen toplant\u0131da Tar\u0131m&#8230;<\/p>\n","protected":false},"author":1,"featured_media":13373,"comment_status":"open","ping_status":"open","sticky":false,"template":"","format":"standard","meta":{"_crdt_document":"","footnotes":""},"categories":[1],"tags":[],"class_list":["post-13372","post","type-post","status-publish","format-standard","has-post-thumbnail","hentry","category-guncel"],"_links":{"self":[{"href":"https:\/\/www.egemtv.com\/index.php?rest_route=\/wp\/v2\/posts\/13372","targetHints":{"allow":["GET"]}}],"collection":[{"href":"https:\/\/www.egemtv.com\/index.php?rest_route=\/wp\/v2\/posts"}],"about":[{"href":"https:\/\/www.egemtv.com\/index.php?rest_route=\/wp\/v2\/types\/post"}],"author":[{"embeddable":true,"href":"https:\/\/www.egemtv.com\/index.php?rest_route=\/wp\/v2\/users\/1"}],"replies":[{"embeddable":true,"href":"https:\/\/www.egemtv.com\/index.php?rest_route=%2Fwp%2Fv2%2Fcomments&post=13372"}],"version-history":[{"count":1,"href":"https:\/\/www.egemtv.com\/index.php?rest_route=\/wp\/v2\/posts\/13372\/revisions"}],"predecessor-version":[{"id":13374,"href":"https:\/\/www.egemtv.com\/index.php?rest_route=\/wp\/v2\/posts\/13372\/revisions\/13374"}],"wp:featuredmedia":[{"embeddable":true,"href":"https:\/\/www.egemtv.com\/index.php?rest_route=\/wp\/v2\/media\/13373"}],"wp:attachment":[{"href":"https:\/\/www.egemtv.com\/index.php?rest_route=%2Fwp%2Fv2%2Fmedia&parent=13372"}],"wp:term":[{"taxonomy":"category","embeddable":true,"href":"https:\/\/www.egemtv.com\/index.php?rest_route=%2Fwp%2Fv2%2Fcategories&post=13372"},{"taxonomy":"post_tag","embeddable":true,"href":"https:\/\/www.egemtv.com\/index.php?rest_route=%2Fwp%2Fv2%2Ftags&post=13372"}],"curies":[{"name":"wp","href":"https:\/\/api.w.org\/{rel}","templated":true}]}}