{"id":13369,"date":"2025-01-29T11:10:43","date_gmt":"2025-01-29T08:10:43","guid":{"rendered":"https:\/\/www.egemtv.com\/?p=13369"},"modified":"2025-01-29T11:10:45","modified_gmt":"2025-01-29T08:10:45","slug":"baskan-erenler-ozellikle-cocuklar-ve-genclere-yonelik-projelerin-onemine-vurgu-yapti","status":"publish","type":"post","link":"https:\/\/www.egemtv.com\/?p=13369","title":{"rendered":"Ba\u015fkan Erenler, \u00f6zellikle \u00e7ocuklar ve gen\u00e7lere y\u00f6nelik projelerin \u00f6nemine vurgu yapt\u0131"},"content":{"rendered":"<p>Birlik Vakf\u0131 K\u00fctahya \u015eube Ba\u015fkan\u0131 Ali \u0130hsan \u00d6zdemir, y\u00f6netim kurulu ve ve Gen\u00e7birlik Ba\u015fkan\u0131 Erdem Can, AK Parti K\u00fctahya \u0130l Ba\u015fkan\u0131 Ceyda \u00c7etin Erenler\u2019i ziyaret etti.<br \/>\n<br \/>Ziyaretten duydu\u011fu memnuniyeti dile getiren \u0130l Ba\u015fkan\u0131 Erenler, \u201cHay\u0131rl\u0131 olsun ziyaretleri i\u00e7in Birlik Vakf\u0131 K\u00fctahya \u015eube Ba\u015fkan\u0131 Ali \u0130hsan \u00d6zdemir ve Y\u00f6netim Kurulu \u00fcyelerine te\u015fekk\u00fcr ediyorum\u201d dedi.<br \/>\n<br \/>Birlik Vakf\u0131\u2019n\u0131n K\u00fctahya\u2019n\u0131n k\u00fclt\u00fcr hayat\u0131na katk\u0131lar sundu\u011funu belirten Erenler, \u00f6zellikle \u00e7ocuklar ve gen\u00e7lere y\u00f6nelik projelerin \u00f6nemine vurgu yaparak vak\u0131f y\u00f6neticilerine ba\u015far\u0131lar diledi. Ziyarette, vak\u0131f merkezinde gen\u00e7ler ve \u00e7ocuklara y\u00f6nelik \u00e7e\u015fitli etkinlikler d\u00fczenlenece\u011fi ifade edildi.<br \/><\/p>\n","protected":false},"excerpt":{"rendered":"<p>Birlik Vakf\u0131 K\u00fctahya \u015eube Ba\u015fkan\u0131 Ali \u0130hsan \u00d6zdemir, y\u00f6netim kurulu ve ve Gen\u00e7birlik Ba\u015fkan\u0131 Erdem Can, AK Parti K\u00fctahya \u0130l Ba\u015fkan\u0131 Ceyda \u00c7etin Erenler\u2019i ziyaret etti. Ziyaretten duydu\u011fu memnuniyeti dile getiren \u0130l Ba\u015fkan\u0131 Erenler, \u201cHay\u0131rl\u0131 olsun ziyaretleri i\u00e7in Birlik Vakf\u0131 K\u00fctahya \u015eube Ba\u015fkan\u0131 Ali \u0130hsan \u00d6zdemir ve Y\u00f6netim Kurulu \u00fcyelerine te\u015fekk\u00fcr ediyorum\u201d dedi. Birlik Vakf\u0131\u2019n\u0131n&#8230;<\/p>\n","protected":false},"author":1,"featured_media":13370,"comment_status":"open","ping_status":"open","sticky":false,"template":"","format":"standard","meta":{"_crdt_document":"","footnotes":""},"categories":[123],"tags":[],"class_list":["post-13369","post","type-post","status-publish","format-standard","has-post-thumbnail","hentry","category-gundem"],"_links":{"self":[{"href":"https:\/\/www.egemtv.com\/index.php?rest_route=\/wp\/v2\/posts\/13369","targetHints":{"allow":["GET"]}}],"collection":[{"href":"https:\/\/www.egemtv.com\/index.php?rest_route=\/wp\/v2\/posts"}],"about":[{"href":"https:\/\/www.egemtv.com\/index.php?rest_route=\/wp\/v2\/types\/post"}],"author":[{"embeddable":true,"href":"https:\/\/www.egemtv.com\/index.php?rest_route=\/wp\/v2\/users\/1"}],"replies":[{"embeddable":true,"href":"https:\/\/www.egemtv.com\/index.php?rest_route=%2Fwp%2Fv2%2Fcomments&post=13369"}],"version-history":[{"count":1,"href":"https:\/\/www.egemtv.com\/index.php?rest_route=\/wp\/v2\/posts\/13369\/revisions"}],"predecessor-version":[{"id":13371,"href":"https:\/\/www.egemtv.com\/index.php?rest_route=\/wp\/v2\/posts\/13369\/revisions\/13371"}],"wp:featuredmedia":[{"embeddable":true,"href":"https:\/\/www.egemtv.com\/index.php?rest_route=\/wp\/v2\/media\/13370"}],"wp:attachment":[{"href":"https:\/\/www.egemtv.com\/index.php?rest_route=%2Fwp%2Fv2%2Fmedia&parent=13369"}],"wp:term":[{"taxonomy":"category","embeddable":true,"href":"https:\/\/www.egemtv.com\/index.php?rest_route=%2Fwp%2Fv2%2Fcategories&post=13369"},{"taxonomy":"post_tag","embeddable":true,"href":"https:\/\/www.egemtv.com\/index.php?rest_route=%2Fwp%2Fv2%2Ftags&post=13369"}],"curies":[{"name":"wp","href":"https:\/\/api.w.org\/{rel}","templated":true}]}}