{"id":13366,"date":"2025-01-29T11:10:40","date_gmt":"2025-01-29T08:10:40","guid":{"rendered":"https:\/\/www.egemtv.com\/?p=13366"},"modified":"2025-01-29T11:10:43","modified_gmt":"2025-01-29T08:10:43","slug":"dumlupinar-diorama-muzesinde-calismalar-sona-yaklasiyor","status":"publish","type":"post","link":"https:\/\/www.egemtv.com\/?p=13366","title":{"rendered":"Dumlup\u0131nar Diorama M\u00fczesi\u2019nde \u00e7al\u0131\u015fmalar sona yakla\u015f\u0131yor"},"content":{"rendered":"<p>Dumlup\u0131nar Diorama M\u00fczesi\u2019nde y\u00fcr\u00fct\u00fclen \u00e7al\u0131\u015fmalar h\u0131z kesmeden devam ediyor. M\u00fczedeki son durum hakk\u0131nda K\u00fctahya Valisi Musa I\u015f\u0131n\u2019a bilgi verildi.<br \/>\n<br \/>Toplant\u0131ya \u0130l \u00d6zel \u0130daresi Genel Sekreteri M\u00fccahit Eracar, \u0130l K\u00fclt\u00fcr ve Turizm M\u00fcd\u00fcr\u00fc Zekeriya \u00dcnal ve birim m\u00fcd\u00fcrleri kat\u0131ld\u0131. \u00c7al\u0131\u015fmalar\u0131n ilerleyi\u015fi hakk\u0131nda detayl\u0131 bilgi alan Vali I\u015f\u0131n, m\u00fczenin tamamland\u0131\u011f\u0131n\u0131 ve i\u00e7 dizayn s\u00fcrecinin de k\u0131sa s\u00fcre i\u00e7inde tamamlanaca\u011f\u0131n\u0131 belirtti.<br \/>\n<br \/>Vali Musa I\u015f\u0131n, m\u00fczenin en k\u0131sa s\u00fcrede halk\u0131n ziyaretine a\u00e7\u0131laca\u011f\u0131n\u0131 vurgulayarak, \u201cBuras\u0131, tarihimizi ve zafer ruhumuzu yans\u0131tan \u00f6nemli bir merkez olacak\u201d dedi.<br \/><\/p>\n","protected":false},"excerpt":{"rendered":"<p>Dumlup\u0131nar Diorama M\u00fczesi\u2019nde y\u00fcr\u00fct\u00fclen \u00e7al\u0131\u015fmalar h\u0131z kesmeden devam ediyor. M\u00fczedeki son durum hakk\u0131nda K\u00fctahya Valisi Musa I\u015f\u0131n\u2019a bilgi verildi. Toplant\u0131ya \u0130l \u00d6zel \u0130daresi Genel Sekreteri M\u00fccahit Eracar, \u0130l K\u00fclt\u00fcr ve Turizm M\u00fcd\u00fcr\u00fc Zekeriya \u00dcnal ve birim m\u00fcd\u00fcrleri kat\u0131ld\u0131. \u00c7al\u0131\u015fmalar\u0131n ilerleyi\u015fi hakk\u0131nda detayl\u0131 bilgi alan Vali I\u015f\u0131n, m\u00fczenin tamamland\u0131\u011f\u0131n\u0131 ve i\u00e7 dizayn s\u00fcrecinin de k\u0131sa s\u00fcre&#8230;<\/p>\n","protected":false},"author":1,"featured_media":13367,"comment_status":"open","ping_status":"open","sticky":false,"template":"","format":"standard","meta":{"_crdt_document":"","footnotes":""},"categories":[123],"tags":[],"class_list":["post-13366","post","type-post","status-publish","format-standard","has-post-thumbnail","hentry","category-gundem"],"_links":{"self":[{"href":"https:\/\/www.egemtv.com\/index.php?rest_route=\/wp\/v2\/posts\/13366","targetHints":{"allow":["GET"]}}],"collection":[{"href":"https:\/\/www.egemtv.com\/index.php?rest_route=\/wp\/v2\/posts"}],"about":[{"href":"https:\/\/www.egemtv.com\/index.php?rest_route=\/wp\/v2\/types\/post"}],"author":[{"embeddable":true,"href":"https:\/\/www.egemtv.com\/index.php?rest_route=\/wp\/v2\/users\/1"}],"replies":[{"embeddable":true,"href":"https:\/\/www.egemtv.com\/index.php?rest_route=%2Fwp%2Fv2%2Fcomments&post=13366"}],"version-history":[{"count":1,"href":"https:\/\/www.egemtv.com\/index.php?rest_route=\/wp\/v2\/posts\/13366\/revisions"}],"predecessor-version":[{"id":13368,"href":"https:\/\/www.egemtv.com\/index.php?rest_route=\/wp\/v2\/posts\/13366\/revisions\/13368"}],"wp:featuredmedia":[{"embeddable":true,"href":"https:\/\/www.egemtv.com\/index.php?rest_route=\/wp\/v2\/media\/13367"}],"wp:attachment":[{"href":"https:\/\/www.egemtv.com\/index.php?rest_route=%2Fwp%2Fv2%2Fmedia&parent=13366"}],"wp:term":[{"taxonomy":"category","embeddable":true,"href":"https:\/\/www.egemtv.com\/index.php?rest_route=%2Fwp%2Fv2%2Fcategories&post=13366"},{"taxonomy":"post_tag","embeddable":true,"href":"https:\/\/www.egemtv.com\/index.php?rest_route=%2Fwp%2Fv2%2Ftags&post=13366"}],"curies":[{"name":"wp","href":"https:\/\/api.w.org\/{rel}","templated":true}]}}