{"id":13360,"date":"2025-01-29T11:07:05","date_gmt":"2025-01-29T08:07:05","guid":{"rendered":"https:\/\/www.egemtv.com\/?p=13360"},"modified":"2025-01-29T11:07:07","modified_gmt":"2025-01-29T08:07:07","slug":"yunusemre-belediye-personelinden-kizilaya-kan-bagisi","status":"publish","type":"post","link":"https:\/\/www.egemtv.com\/?p=13360","title":{"rendered":"Yunusemre Belediye personelinden K\u0131z\u0131laya kan ba\u011f\u0131\u015f\u0131"},"content":{"rendered":"<p>Yunusemre Belediyesi personeli, kan ba\u011f\u0131\u015f\u0131n\u0131n \u00f6nemine dikkat \u00e7ekmek amac\u0131yla belediye hizmet binas\u0131 \u00f6n\u00fcnde konu\u015fland\u0131r\u0131lan mobil ara\u00e7ta T\u00fcrk K\u0131z\u0131lay\u2019a kan ba\u011f\u0131\u015f\u0131nda bulundu. Kan ba\u011f\u0131\u015f\u0131na vatanda\u015flar da destek verdi.<br \/>\n<br \/>Yunusemre Belediyesi ve T\u00fcrk K\u0131z\u0131lay Manisa \u015eubesi \u00f6nemli bir etkinlik d\u00fczenledi. Yunusemre Belediyesi\u2019nin bulundu\u011fu 100. Y\u0131l Meydan\u2019\u0131nda konu\u015fland\u0131r\u0131lan mobil ara\u00e7ta belediye personelleri ve vatanda\u015flar kan deste\u011fi verdi. Yunusemre Belediye Ba\u015fkan\u0131 Semih Balaban, belediye personelinin kan ba\u011f\u0131\u015f\u0131 hakk\u0131nda \u201cK\u0131z\u0131lay Manisa \u015eubesi\u2019yle i\u015f birli\u011fi yaparak, Manisa\u2019m\u0131zda ve \u00fclkemizde kan ihtiyac\u0131 olan vatanda\u015flar\u0131m\u0131z i\u00e7in 100. Y\u0131l Meydan\u0131\u2019nda bulunan belediye binam\u0131z\u0131n \u00f6n\u00fcnde kan ba\u011f\u0131\u015f\u0131 yap\u0131ld\u0131. Belediye personelimiz ve vatanda\u015flar\u0131m\u0131z\u0131n ba\u011f\u0131\u015flar\u0131 sayesinde dayan\u0131\u015fma ruhunu artt\u0131rmak istiyoruz\u201d dedi.<br \/><\/p>\n","protected":false},"excerpt":{"rendered":"<p>Yunusemre Belediyesi personeli, kan ba\u011f\u0131\u015f\u0131n\u0131n \u00f6nemine dikkat \u00e7ekmek amac\u0131yla belediye hizmet binas\u0131 \u00f6n\u00fcnde konu\u015fland\u0131r\u0131lan mobil ara\u00e7ta T\u00fcrk K\u0131z\u0131lay\u2019a kan ba\u011f\u0131\u015f\u0131nda bulundu. Kan ba\u011f\u0131\u015f\u0131na vatanda\u015flar da destek verdi. Yunusemre Belediyesi ve T\u00fcrk K\u0131z\u0131lay Manisa \u015eubesi \u00f6nemli bir etkinlik d\u00fczenledi. Yunusemre Belediyesi\u2019nin bulundu\u011fu 100. Y\u0131l Meydan\u2019\u0131nda konu\u015fland\u0131r\u0131lan mobil ara\u00e7ta belediye personelleri ve vatanda\u015flar kan deste\u011fi verdi. Yunusemre&#8230;<\/p>\n","protected":false},"author":1,"featured_media":13361,"comment_status":"open","ping_status":"open","sticky":false,"template":"","format":"standard","meta":{"_crdt_document":"","footnotes":""},"categories":[2],"tags":[],"class_list":["post-13360","post","type-post","status-publish","format-standard","has-post-thumbnail","hentry","category-saglik"],"_links":{"self":[{"href":"https:\/\/www.egemtv.com\/index.php?rest_route=\/wp\/v2\/posts\/13360","targetHints":{"allow":["GET"]}}],"collection":[{"href":"https:\/\/www.egemtv.com\/index.php?rest_route=\/wp\/v2\/posts"}],"about":[{"href":"https:\/\/www.egemtv.com\/index.php?rest_route=\/wp\/v2\/types\/post"}],"author":[{"embeddable":true,"href":"https:\/\/www.egemtv.com\/index.php?rest_route=\/wp\/v2\/users\/1"}],"replies":[{"embeddable":true,"href":"https:\/\/www.egemtv.com\/index.php?rest_route=%2Fwp%2Fv2%2Fcomments&post=13360"}],"version-history":[{"count":1,"href":"https:\/\/www.egemtv.com\/index.php?rest_route=\/wp\/v2\/posts\/13360\/revisions"}],"predecessor-version":[{"id":13362,"href":"https:\/\/www.egemtv.com\/index.php?rest_route=\/wp\/v2\/posts\/13360\/revisions\/13362"}],"wp:featuredmedia":[{"embeddable":true,"href":"https:\/\/www.egemtv.com\/index.php?rest_route=\/wp\/v2\/media\/13361"}],"wp:attachment":[{"href":"https:\/\/www.egemtv.com\/index.php?rest_route=%2Fwp%2Fv2%2Fmedia&parent=13360"}],"wp:term":[{"taxonomy":"category","embeddable":true,"href":"https:\/\/www.egemtv.com\/index.php?rest_route=%2Fwp%2Fv2%2Fcategories&post=13360"},{"taxonomy":"post_tag","embeddable":true,"href":"https:\/\/www.egemtv.com\/index.php?rest_route=%2Fwp%2Fv2%2Ftags&post=13360"}],"curies":[{"name":"wp","href":"https:\/\/api.w.org\/{rel}","templated":true}]}}