{"id":13351,"date":"2025-01-29T11:01:09","date_gmt":"2025-01-29T08:01:09","guid":{"rendered":"https:\/\/www.egemtv.com\/?p=13351"},"modified":"2025-01-29T11:01:13","modified_gmt":"2025-01-29T08:01:13","slug":"kutahya-osb-yonetiminden-baskan-ceyda-cetin-erenlere-tebrik-ziyareti","status":"publish","type":"post","link":"https:\/\/www.egemtv.com\/?p=13351","title":{"rendered":"K\u00fctahya OSB y\u00f6netiminden Ba\u015fkan Ceyda \u00c7etin Erenler\u2019e tebrik ziyareti"},"content":{"rendered":"<p>K\u00fctahya Organize Sanayi B\u00f6lgesi (OSB) Y\u00f6netim Kurulu, AK Parti K\u00fctahya 8. Ola\u011fan \u0130l Kongresi\u2019nde \u0130l Ba\u015fkanl\u0131\u011f\u0131 g\u00f6revine se\u00e7ilen Ceyda \u00c7etin Erenler\u2019e hay\u0131rl\u0131 olsun ziyaretinde bulundu.<br \/>\n<br \/>Ziyarete K\u00fctahya OSB Y\u00f6netim Kurulu Ba\u015fkan\u0131 Tolga Eskio\u011flu, Ba\u015fkan Vekili Emin Y\u00fcce, Y\u00f6netim Kurulu \u00dcyeleri S\u00fcleyman \u00d6l\u00e7er, M. Zeyit Damar ve B\u00f6lge M\u00fcd\u00fcr\u00fc Tunahan Ergin kat\u0131ld\u0131. G\u00f6r\u00fc\u015fmede K\u00fctahya OSB\u2019nin mevcut projeleri, sanayi b\u00f6lgesindeki geli\u015fmeler ve kentin ekonomik potansiyeli ele al\u0131nd\u0131. Kar\u015f\u0131l\u0131kl\u0131 i\u015f birli\u011fi ve destek mesajlar\u0131n\u0131n verildi\u011fi bulu\u015fma samimi bir atmosferde ger\u00e7ekle\u015fti.<br \/>\n<br \/>Ziyaretin sonunda OSB Y\u00f6netim Kurulu Ba\u015fkan\u0131 Tolga Eskio\u011flu, Ceyda \u00c7etin Erenler\u2019e \u00f6zel el yap\u0131m\u0131 \u00e7ini tabak hediye etti. \u0130l Ba\u015fkan\u0131 Erenler, ziyaretten duydu\u011fu memnuniyeti dile getirerek K\u00fctahya OSB\u2019nin kent ekonomisine sa\u011flad\u0131\u011f\u0131 katk\u0131lardan dolay\u0131 te\u015fekk\u00fcr etti. K\u00fctahya\u2019n\u0131n sanayi ve ekonomik kalk\u0131nmas\u0131na y\u00f6nelik daha g\u00fc\u00e7l\u00fc i\u015f birli\u011fi mesaj\u0131yla ziyaret sona erdi.<br \/><\/p>\n","protected":false},"excerpt":{"rendered":"<p>K\u00fctahya Organize Sanayi B\u00f6lgesi (OSB) Y\u00f6netim Kurulu, AK Parti K\u00fctahya 8. Ola\u011fan \u0130l Kongresi\u2019nde \u0130l Ba\u015fkanl\u0131\u011f\u0131 g\u00f6revine se\u00e7ilen Ceyda \u00c7etin Erenler\u2019e hay\u0131rl\u0131 olsun ziyaretinde bulundu. Ziyarete K\u00fctahya OSB Y\u00f6netim Kurulu Ba\u015fkan\u0131 Tolga Eskio\u011flu, Ba\u015fkan Vekili Emin Y\u00fcce, Y\u00f6netim Kurulu \u00dcyeleri S\u00fcleyman \u00d6l\u00e7er, M. Zeyit Damar ve B\u00f6lge M\u00fcd\u00fcr\u00fc Tunahan Ergin kat\u0131ld\u0131. G\u00f6r\u00fc\u015fmede K\u00fctahya OSB\u2019nin mevcut&#8230;<\/p>\n","protected":false},"author":1,"featured_media":13352,"comment_status":"open","ping_status":"open","sticky":false,"template":"","format":"standard","meta":{"_crdt_document":"","footnotes":""},"categories":[123],"tags":[],"class_list":["post-13351","post","type-post","status-publish","format-standard","has-post-thumbnail","hentry","category-gundem"],"_links":{"self":[{"href":"https:\/\/www.egemtv.com\/index.php?rest_route=\/wp\/v2\/posts\/13351","targetHints":{"allow":["GET"]}}],"collection":[{"href":"https:\/\/www.egemtv.com\/index.php?rest_route=\/wp\/v2\/posts"}],"about":[{"href":"https:\/\/www.egemtv.com\/index.php?rest_route=\/wp\/v2\/types\/post"}],"author":[{"embeddable":true,"href":"https:\/\/www.egemtv.com\/index.php?rest_route=\/wp\/v2\/users\/1"}],"replies":[{"embeddable":true,"href":"https:\/\/www.egemtv.com\/index.php?rest_route=%2Fwp%2Fv2%2Fcomments&post=13351"}],"version-history":[{"count":1,"href":"https:\/\/www.egemtv.com\/index.php?rest_route=\/wp\/v2\/posts\/13351\/revisions"}],"predecessor-version":[{"id":13353,"href":"https:\/\/www.egemtv.com\/index.php?rest_route=\/wp\/v2\/posts\/13351\/revisions\/13353"}],"wp:featuredmedia":[{"embeddable":true,"href":"https:\/\/www.egemtv.com\/index.php?rest_route=\/wp\/v2\/media\/13352"}],"wp:attachment":[{"href":"https:\/\/www.egemtv.com\/index.php?rest_route=%2Fwp%2Fv2%2Fmedia&parent=13351"}],"wp:term":[{"taxonomy":"category","embeddable":true,"href":"https:\/\/www.egemtv.com\/index.php?rest_route=%2Fwp%2Fv2%2Fcategories&post=13351"},{"taxonomy":"post_tag","embeddable":true,"href":"https:\/\/www.egemtv.com\/index.php?rest_route=%2Fwp%2Fv2%2Ftags&post=13351"}],"curies":[{"name":"wp","href":"https:\/\/api.w.org\/{rel}","templated":true}]}}