{"id":13348,"date":"2025-01-29T10:59:06","date_gmt":"2025-01-29T07:59:06","guid":{"rendered":"https:\/\/www.egemtv.com\/?p=13348"},"modified":"2025-01-29T10:59:08","modified_gmt":"2025-01-29T07:59:08","slug":"dsi-kutahyada-22-yilda-218-tesisi-hayata-gecirdi","status":"publish","type":"post","link":"https:\/\/www.egemtv.com\/?p=13348","title":{"rendered":"DS\u0130, K\u00fctahya\u2019da 22 y\u0131lda 218 tesisi hayata ge\u00e7irdi"},"content":{"rendered":"<p>Devlet Su \u0130\u015fleri Genel M\u00fcd\u00fcr\u00fc Mehmet Akif Balta, K\u00fctahya\u2019da son 22 y\u0131lda 218 tesisi hayata ge\u00e7irdiklerini ifade etti.<br \/>\n<br \/>K\u00fctahya\u2019ya yapt\u0131klar\u0131 yat\u0131r\u0131mlarla ilgili a\u00e7\u0131klamalarda bulunan DS\u0130 Genel M\u00fcd\u00fcr\u00fc Mehmet Akif Balta,\u201d K\u00fctahya\u2019ya 15 Milyar 163 Milyon TL de\u011ferinde 218 tesis in\u015fa ettik. K\u00fctahya\u2019da suyumuzu ba\u015far\u0131yla y\u00f6neterek, topra\u011f\u0131m\u0131za bereket, enerjimize g\u00fc\u00e7, \u00fcretimimize de\u011fer katt\u0131k. K\u00fctahyal\u0131lar i\u00e7in daha \u00e7ok \u00e7al\u0131\u015fmaya ve \u00fcretmeye devam edece\u011fiz\u201d dedi.<\/p>\n<p>\u201cDS\u0130 suyun her damlas\u0131na sahip \u00e7\u0131k\u0131yor\u201d<br \/>\n<br \/>M\u00fcd\u00fcr Mehmet Akif Balta, Tar\u0131m ve Orman Bakanl\u0131\u011f\u0131 Devlet Su \u0130\u015fleri (DS\u0130) Genel M\u00fcd\u00fcrl\u00fc\u011f\u00fcn\u00fcn tar\u0131mda modern sulamay\u0131 yayg\u0131nla\u015ft\u0131rmak, toplula\u015ft\u0131rma \u00e7al\u0131\u015fmalar\u0131yla tar\u0131m arazilerinden en y\u00fcksek fayday\u0131 sa\u011flamak, musluklara sa\u011fl\u0131kl\u0131 ve i\u00e7ilebilir su ula\u015ft\u0131rmak ve yerle\u015fim yerleri ile tar\u0131m arazilerini ta\u015fk\u0131n risklerine kar\u015f\u0131 korumak i\u00e7in t\u00fcm g\u00fcc\u00fcyle \u00e7al\u0131\u015f\u0131rken, s\u00fcrd\u00fcr\u00fclebilir su y\u00f6netimi anlay\u0131\u015f\u0131yla da suyun her damlas\u0131na sahip \u00e7\u0131kt\u0131\u011f\u0131n\u0131 s\u00f6yledi.<br \/>\n<br \/>T\u00fcrkiye\u2019nin sahip oldu\u011fu su ve sulama tesisleri sayesinde elde etti\u011fi tar\u0131msal \u00fcr\u00fcnlerden dolay\u0131 kendi kendine yetebilen \u00fclkeler aras\u0131nda yerini ald\u0131\u011f\u0131n\u0131 kaydeden DS\u0130 Genel M\u00fcd\u00fcr\u00fc Mehmet Akif Balta, \u2019B\u00f6yle bir s\u00fcrecin ba\u015far\u0131yla atlat\u0131lmas\u0131n\u0131n alt\u0131nda yatan en \u00f6nemli etken ise \u00fclkemizin sahip oldu\u011fu su potansiyeli ve yapt\u0131\u011f\u0131 yat\u0131r\u0131mlard\u0131r \u2018\u2019dedi.<\/p>\n<p>\u201cSuyun stratejik \u00f6nemi daha da artt\u0131\u201d<br \/>\n<br \/>Son y\u0131llarda ya\u015fanan iklim de\u011fi\u015fikli\u011fi, k\u00fcresel \u0131s\u0131nman\u0131n etkisi ile suyun stratejik \u00f6neminin daha da art\u0131rd\u0131\u011f\u0131n\u0131 ifade eden Genel M\u00fcd\u00fcr Mehmet Akif Balta, \u201cBununla birlikte suyun stratejik olarak y\u00f6netilmesi zorunlulu\u011fu da ortaya \u00e7\u0131kmaktad\u0131r. Bu nedenle suya eri\u015fimin g\u00fcvenli, kesintisiz ve arzu edilen miktarda sa\u011flanabilmesi ad\u0131na depolama tesisleri b\u00fcy\u00fck \u00f6nem ta\u015f\u0131maktad\u0131r. Havza \u00f6zelliklerine g\u00f6re planlanan su depolama tesisleri, t\u00fcm sistemin sigortas\u0131 olarak su \u00e7evriminin en \u00f6nemli halkas\u0131n\u0131 te\u015fkil etmektedir. Bu tesisler kurakl\u0131k ve ta\u015fk\u0131n d\u00f6nemlerinde hayati bir g\u00f6rev \u00fcstlenmektedir \u2019dedi.<\/p>\n<p>\u201cTeknoloji imkanlar\u0131n\u0131 sulama sistemlerine de entegre etme \u00e7al\u0131\u015fmalar\u0131 devam ediyor\u201d<br \/>\n<br \/>Geli\u015fen teknoloji imkanlar\u0131n\u0131 sulama sistemlerine de entegre etme ad\u0131na \u00e7al\u0131\u015fmalar\u0131n\u0131n devam etti\u011finin alt\u0131n\u0131 \u00e7izen M\u00fcd\u00fcr Mehmet Akif Balta, \u201cYapay zeka destekli sulama otomasyonu uygulamalar\u0131yla tar\u0131msal verimi art\u0131r\u0131rken su sarfiyat\u0131n\u0131 azalt\u0131yoruz. Asgari su kullan\u0131m\u0131yla azami verimi elde etmek i\u00e7in en yeni teknolojileri de kullanmak suretiyle \u00e7al\u0131\u015fmalar\u0131m\u0131za devam ediyoruz. Zira suyun oldu\u011fu yerde hayat vard\u0131r, bereket vard\u0131r, medeniyet vard\u0131r. Bu sebeplerle, Tar\u0131m ve Orman Bakanl\u0131\u011f\u0131 \u00e7at\u0131s\u0131 alt\u0131nda Devlet Su \u0130\u015fleri Genel M\u00fcd\u00fcrl\u00fc\u011f\u00fc olarak, 100 y\u0131ll\u0131k tecr\u00fcbe ve bilgi birikimimiz ile suya verdi\u011fimiz \u00f6nemden dolay\u0131 tabiri caizse parmakla g\u00f6sterilen bir kurum olman\u0131n gururunu ya\u015f\u0131yoruz. \u00dclkemizin d\u00f6rt bir yan\u0131n\u0131 su yat\u0131r\u0131mlar\u0131yla ihya etmeye devam ediyoruz\u201d dedi.<\/p>\n<p>\u201cK\u00fctahya\u2019da 268 bin 610 dekar arazi suya kavu\u015ftu\u201d<br \/>\n<br \/>K\u00fctahya\u2019ya yapm\u0131\u015f olduklar\u0131 DS\u0130 yat\u0131r\u0131mlar\u0131 hakk\u0131nda a\u00e7\u0131klamalarda bulunan DS\u0130 Genel M\u00fcd\u00fcr\u00fc Mehmet Akif Balta, \u201cKadim k\u00fclt\u00fcr\u00fcm\u00fczden gelen, \u201csuyu koruma ve s\u00fcrd\u00fcr\u00fclebilir kullanma\u201d anlay\u0131\u015f\u0131m\u0131z\u0131, modern tekniklerle birle\u015ftirip, son 22 y\u0131lda K\u00fctahya\u2019da in\u015fa etti\u011fimiz 55 sulama tesisi ile 237 bin 900 dekar ve in\u015faat\u0131 devam eden 3 sulama tesisi ile k\u0131smi olarak 30 bin 710 dekar olmak \u00fczere toplam 268 bin 610 dekar tar\u0131msal araziyi sulamaya a\u00e7t\u0131k. K\u00fctahyal\u0131 \u00e7ift\u00e7ilerimizin eme\u011fi bereketle bulu\u015ftu. \u00dcretilen tar\u0131msal \u00fcr\u00fcnler, milletimize ve memleketimize fayda sa\u011flad\u0131\u201d dedi.<\/p>\n<p>\u201cK\u00fctahya\u2019n\u0131n suyuna sahip \u00e7\u0131k\u0131yor, in\u015fa etti\u011fimiz baraj ve g\u00f6letlerimizde depoluyoruz\u201d<br \/>\n<br \/>K\u00fctahya\u2019daki toprak yap\u0131s\u0131n\u0131n \u00fcretime uygun oldu\u011funa dikkat \u00e7eken Genel M\u00fcd\u00fcr Balta, \u201cK\u00fctahyal\u0131 \u00e7ift\u00e7ilerimiz i\u00e7in, son 22 y\u0131lda, 15 Milyar 163 Milyon TL yat\u0131r\u0131m yaparak 218 adet tesis in\u015fa ettik. K\u00fctahya\u2019da son 22 y\u0131lda hizmete ald\u0131\u011f\u0131m\u0131z 20 baraj, 9 g\u00f6let ve 1 adet yeralt\u0131 depolamas\u0131 ile 147 milyon m su depolama hacmine ula\u015ft\u0131k\u201d dedi.<\/p>\n<p>\u201cK\u00fctahya\u2019da 7 baraj ve 1 g\u00f6lette in\u015faat \u00e7al\u0131\u015fmalar\u0131 devam ediyor\u201d<br \/>\n<br \/>K\u00fctahya\u2019da 7 baraj ve 1 g\u00f6lette in\u015faat \u00e7al\u0131\u015fmalar\u0131n\u0131n devam etti\u011fini belirten DS\u0130 Genel M\u00fcd\u00fcr\u00fc Mehmet Akif Balta, \u201cK\u00fctahya\u2019n\u0131n su kaynaklar\u0131n\u0131 de\u011ferlendirmek i\u00e7in yeni depolama tesisleri in\u015fa ediyoruz. \u015eu anda 7 baraj ve 1 g\u00f6letin yap\u0131m \u00e7al\u0131\u015fmalar\u0131 devam ediyor. Bu barajlar\u0131n tamamlanmas\u0131 ile 61 bin 650 dekar tar\u0131msal araziyi daha sulama suyuna kavu\u015fturmay\u0131 hedefliyoruz. K\u0131rsal kalk\u0131nman\u0131n lokomotifi olarak g\u00f6rd\u00fc\u011f\u00fcm\u00fcz depolama tesislerimizde depolayaca\u011f\u0131m\u0131z bir damla suyun dahi israf edilmeden \u00e7ift\u00e7ilerimize ula\u015fmas\u0131 i\u00e7in m\u00fccadele ediyoruz. K\u00fctahya\u2019ya memba kalitesinde i\u00e7me suyu i\u00e7in \u00e7al\u0131\u015f\u0131yoruz. Di\u011fer taraftan bug\u00fcne kadar tamamlad\u0131\u011f\u0131m\u0131z i\u00e7me suyu tesisleri ile 105 bin 595 ki\u015finin ihtiyac\u0131n\u0131 kar\u015f\u0131layabilen, y\u0131ll\u0131k 15 milyon metrek\u00fcp i\u00e7me suyu temin ediyoruz\u201d dedi.<\/p>\n<p>\u201cTa\u015fk\u0131nlar\u0131 kontrol alt\u0131na almak i\u00e7in projeler \u00fcretiyoruz\u201d<br \/>\n<br \/>Ta\u015fk\u0131nlar\u0131 kontrol alt\u0131na almak i\u00e7in projeler \u00fcrettiklerini ifade eden M\u00fcd\u00fcr Balta,\u201d Hepimizi derinden sarsan, vatanda\u015flar\u0131m\u0131z\u0131n can ve mal emniyetini tehdit eden, ta\u015fk\u0131nlarla m\u00fccadele etmek i\u00e7in son 22 y\u0131lda tamamlanan 125 adet ta\u015fk\u0131n koruma tesisi ile K\u00fctahya \u015fehir merkezi, 161 adet yerle\u015fim yeri ve 60 bin 710 dekar arazinin ta\u015fk\u0131n kontrol\u00fc sa\u011flanm\u0131\u015ft\u0131r. 19 adet ta\u015fk\u0131n koruma tesisinin de in\u015faat \u00e7al\u0131\u015fmalar\u0131 devam etmektedir. De\u011fi\u015fen iklim \u015fartlar\u0131 ba\u015fta olmak \u00fczere \u00e7e\u015fitli sebeplerle olu\u015fabilecek her t\u00fcrl\u00fc ta\u015fk\u0131n\u0131 kontrol alt\u0131na alabilmek i\u00e7in projeler \u00fcretiyoruz\u201d dedi.<\/p>\n<p>\u201cK\u00fctahya\u2019da toplam 292 bin 490 dekar alanda arazi toplula\u015ft\u0131rma tescili yap\u0131ld\u0131\u201d<br \/>\n<br \/>K\u00fctahya\u2019da toplam 292 bin 490 dekar alanda arazi toplula\u015ft\u0131rma tescili yap\u0131ld\u0131\u011f\u0131n\u0131 a\u00e7\u0131klayan Genel M\u00fcd\u00fcr Mehmet Akif Balta, \u201cK\u00fctahya\u2019da Arazi Toplula\u015ft\u0131rma ve Tarla \u0130\u00e7i Geli\u015ftirme Hizmetleri \u00e7er\u00e7evesinde 4 adet proje tamamlanarak, 182 bin 490 dekar alan tescili, in\u015faat\u0131 devam eden 1 adet projede ise k\u0131smi olarak 110 bin dekar arazi tescili olmak \u00fczere toplam 292 bin 490 dekar alanda arazi toplula\u015ft\u0131rma tescili yap\u0131lm\u0131\u015ft\u0131r. Toplula\u015ft\u0131rma ve tarla i\u00e7i geli\u015ftirme hizmetlerinden faydalanan \u00e7ift\u00e7ilerimizin memnuniyetini takip ediyoruz. Bir zamanlar bu projelere \u00f6n yarg\u0131 ile yakla\u015fan \u00e7ift\u00e7ilerimiz, ba\u015far\u0131l\u0131 uygulamalar\u0131 ve toplula\u015ft\u0131rman\u0131n faydas\u0131n\u0131 g\u00f6rd\u00fck\u00e7e, te\u015fekk\u00fcrlerini iletiyorlar. Sahadan ald\u0131\u011f\u0131m\u0131z bu geri d\u00f6n\u00fc\u015fler do\u011frultusunda yeni projeler \u00fcretmeye devam ediyoruz \u201d dedi.<\/p>\n<p>\u201cK\u00fctahya\u2019da 22 y\u0131lda i\u015fletmeye al\u0131nan 2 HES tesisinden y\u0131ll\u0131k 64 milyon KWh enerji \u00fcretimi\u201d<br \/>\n<br \/>K\u00fctahya\u2019da son 22 y\u0131lda 2 Adet Hidroelektrik Enerji (HES) Tesisi i\u015fletmeye al\u0131narak y\u0131ll\u0131k 64 milyon KWh enerji \u00fcretimi ile milli ekonomiye 166 Milyon TL katk\u0131 sa\u011fland\u0131\u011f\u0131n\u0131 ifade eden Genel M\u00fcd\u00fcr Mehmet Akif Balta, \u201cKurulu g\u00fcc\u00fc 12 MW olan bu tesisler ile suyumuzdan ald\u0131\u011f\u0131m\u0131z g\u00fcc\u00fc enerjiye d\u00f6n\u00fc\u015ft\u00fcrerek milletimize hizmet edece\u011fiz. \u00c7al\u0131\u015fmalar\u0131m\u0131z devam edecektir. DS\u0130 olarak G\u00f6kten inen her damla rahmeti yer \u00fcst\u00fcnde ve yer alt\u0131nda takip ederek \u00fclkenin ve milletin hizmetine sunmaya devam edece\u011fiz. Kulland\u0131\u011f\u0131m\u0131z her damla suyu son damlas\u0131ym\u0131\u015f gibi kullanmal\u0131y\u0131z\u201d diye konu\u015ftu.<br \/><\/p>\n","protected":false},"excerpt":{"rendered":"<p>Devlet Su \u0130\u015fleri Genel M\u00fcd\u00fcr\u00fc Mehmet Akif Balta, K\u00fctahya\u2019da son 22 y\u0131lda 218 tesisi hayata ge\u00e7irdiklerini ifade etti. K\u00fctahya\u2019ya yapt\u0131klar\u0131 yat\u0131r\u0131mlarla ilgili a\u00e7\u0131klamalarda bulunan DS\u0130 Genel M\u00fcd\u00fcr\u00fc Mehmet Akif Balta,\u201d K\u00fctahya\u2019ya 15 Milyar 163 Milyon TL de\u011ferinde 218 tesis in\u015fa ettik. K\u00fctahya\u2019da suyumuzu ba\u015far\u0131yla y\u00f6neterek, topra\u011f\u0131m\u0131za bereket, enerjimize g\u00fc\u00e7, \u00fcretimimize de\u011fer katt\u0131k. K\u00fctahyal\u0131lar i\u00e7in daha&#8230;<\/p>\n","protected":false},"author":1,"featured_media":13349,"comment_status":"open","ping_status":"open","sticky":false,"template":"","format":"standard","meta":{"_crdt_document":"","footnotes":""},"categories":[125],"tags":[],"class_list":["post-13348","post","type-post","status-publish","format-standard","has-post-thumbnail","hentry","category-ekonomi"],"_links":{"self":[{"href":"https:\/\/www.egemtv.com\/index.php?rest_route=\/wp\/v2\/posts\/13348","targetHints":{"allow":["GET"]}}],"collection":[{"href":"https:\/\/www.egemtv.com\/index.php?rest_route=\/wp\/v2\/posts"}],"about":[{"href":"https:\/\/www.egemtv.com\/index.php?rest_route=\/wp\/v2\/types\/post"}],"author":[{"embeddable":true,"href":"https:\/\/www.egemtv.com\/index.php?rest_route=\/wp\/v2\/users\/1"}],"replies":[{"embeddable":true,"href":"https:\/\/www.egemtv.com\/index.php?rest_route=%2Fwp%2Fv2%2Fcomments&post=13348"}],"version-history":[{"count":1,"href":"https:\/\/www.egemtv.com\/index.php?rest_route=\/wp\/v2\/posts\/13348\/revisions"}],"predecessor-version":[{"id":13350,"href":"https:\/\/www.egemtv.com\/index.php?rest_route=\/wp\/v2\/posts\/13348\/revisions\/13350"}],"wp:featuredmedia":[{"embeddable":true,"href":"https:\/\/www.egemtv.com\/index.php?rest_route=\/wp\/v2\/media\/13349"}],"wp:attachment":[{"href":"https:\/\/www.egemtv.com\/index.php?rest_route=%2Fwp%2Fv2%2Fmedia&parent=13348"}],"wp:term":[{"taxonomy":"category","embeddable":true,"href":"https:\/\/www.egemtv.com\/index.php?rest_route=%2Fwp%2Fv2%2Fcategories&post=13348"},{"taxonomy":"post_tag","embeddable":true,"href":"https:\/\/www.egemtv.com\/index.php?rest_route=%2Fwp%2Fv2%2Ftags&post=13348"}],"curies":[{"name":"wp","href":"https:\/\/api.w.org\/{rel}","templated":true}]}}