{"id":13345,"date":"2025-01-29T10:59:04","date_gmt":"2025-01-29T07:59:04","guid":{"rendered":"https:\/\/www.egemtv.com\/?p=13345"},"modified":"2025-01-29T10:59:06","modified_gmt":"2025-01-29T07:59:06","slug":"baskan-akel-muhipler-goletinde-incelemelerde-bulundu","status":"publish","type":"post","link":"https:\/\/www.egemtv.com\/?p=13345","title":{"rendered":"Ba\u015fkan Akel, Muhipler G\u00f6leti\u2019nde incelemelerde bulundu"},"content":{"rendered":"<p>K\u00fctahya\u2019n\u0131n Gediz Belediye Ba\u015fkan\u0131 Necdet Akel, il\u00e7enin \u00f6nemli su kaynaklar\u0131ndan biri olan Muhipler G\u00f6leti\u2019ni besleyen su kayna\u011f\u0131nda y\u00fcr\u00fct\u00fclen temizlik ve bak\u0131m \u00e7al\u0131\u015fmalar\u0131n\u0131 yerinde inceledi.<br \/>\n<br \/>\u00c7al\u0131\u015fmalar\u0131n h\u0131zla tamamlanmas\u0131 i\u00e7in gerekli ad\u0131mlar\u0131n at\u0131laca\u011f\u0131n\u0131 belirten Ba\u015fkan Akel, g\u00f6letin su seviyesinin sa\u011fl\u0131kl\u0131 bir \u015fekilde korunmas\u0131n\u0131n \u00f6nemine dikkat \u00e7ekti. Su kaynaklar\u0131n\u0131n verimli ve temiz tutulmas\u0131n\u0131n do\u011fan\u0131n korunmas\u0131 a\u00e7\u0131s\u0131ndan b\u00fcy\u00fck \u00f6nem ta\u015f\u0131d\u0131\u011f\u0131n\u0131 vurgulayan Akel, yap\u0131lan \u00e7al\u0131\u015fmalar\u0131n il\u00e7edeki su kaynaklar\u0131n\u0131n s\u00fcrd\u00fcr\u00fclebilirli\u011fine katk\u0131 sa\u011flayaca\u011f\u0131n\u0131 ifade etti.<br \/>\n<br \/>Ba\u015flat\u0131lan temizlik ve bak\u0131m \u00e7al\u0131\u015fmalar\u0131n\u0131n, b\u00f6lgedeki su kaynaklar\u0131n\u0131n uzun vadede daha sa\u011fl\u0131kl\u0131 bir \u015fekilde kullan\u0131lmas\u0131na katk\u0131 sunaca\u011f\u0131n\u0131 belirten Ba\u015fkan Akel, bu t\u00fcr projelerin devam edece\u011fini s\u00f6zlerine ekledi.<br \/><\/p>\n","protected":false},"excerpt":{"rendered":"<p>K\u00fctahya\u2019n\u0131n Gediz Belediye Ba\u015fkan\u0131 Necdet Akel, il\u00e7enin \u00f6nemli su kaynaklar\u0131ndan biri olan Muhipler G\u00f6leti\u2019ni besleyen su kayna\u011f\u0131nda y\u00fcr\u00fct\u00fclen temizlik ve bak\u0131m \u00e7al\u0131\u015fmalar\u0131n\u0131 yerinde inceledi. \u00c7al\u0131\u015fmalar\u0131n h\u0131zla tamamlanmas\u0131 i\u00e7in gerekli ad\u0131mlar\u0131n at\u0131laca\u011f\u0131n\u0131 belirten Ba\u015fkan Akel, g\u00f6letin su seviyesinin sa\u011fl\u0131kl\u0131 bir \u015fekilde korunmas\u0131n\u0131n \u00f6nemine dikkat \u00e7ekti. Su kaynaklar\u0131n\u0131n verimli ve temiz tutulmas\u0131n\u0131n do\u011fan\u0131n korunmas\u0131 a\u00e7\u0131s\u0131ndan b\u00fcy\u00fck \u00f6nem&#8230;<\/p>\n","protected":false},"author":1,"featured_media":13346,"comment_status":"open","ping_status":"open","sticky":false,"template":"","format":"standard","meta":{"_crdt_document":"","footnotes":""},"categories":[1],"tags":[],"class_list":["post-13345","post","type-post","status-publish","format-standard","has-post-thumbnail","hentry","category-guncel"],"_links":{"self":[{"href":"https:\/\/www.egemtv.com\/index.php?rest_route=\/wp\/v2\/posts\/13345","targetHints":{"allow":["GET"]}}],"collection":[{"href":"https:\/\/www.egemtv.com\/index.php?rest_route=\/wp\/v2\/posts"}],"about":[{"href":"https:\/\/www.egemtv.com\/index.php?rest_route=\/wp\/v2\/types\/post"}],"author":[{"embeddable":true,"href":"https:\/\/www.egemtv.com\/index.php?rest_route=\/wp\/v2\/users\/1"}],"replies":[{"embeddable":true,"href":"https:\/\/www.egemtv.com\/index.php?rest_route=%2Fwp%2Fv2%2Fcomments&post=13345"}],"version-history":[{"count":1,"href":"https:\/\/www.egemtv.com\/index.php?rest_route=\/wp\/v2\/posts\/13345\/revisions"}],"predecessor-version":[{"id":13347,"href":"https:\/\/www.egemtv.com\/index.php?rest_route=\/wp\/v2\/posts\/13345\/revisions\/13347"}],"wp:featuredmedia":[{"embeddable":true,"href":"https:\/\/www.egemtv.com\/index.php?rest_route=\/wp\/v2\/media\/13346"}],"wp:attachment":[{"href":"https:\/\/www.egemtv.com\/index.php?rest_route=%2Fwp%2Fv2%2Fmedia&parent=13345"}],"wp:term":[{"taxonomy":"category","embeddable":true,"href":"https:\/\/www.egemtv.com\/index.php?rest_route=%2Fwp%2Fv2%2Fcategories&post=13345"},{"taxonomy":"post_tag","embeddable":true,"href":"https:\/\/www.egemtv.com\/index.php?rest_route=%2Fwp%2Fv2%2Ftags&post=13345"}],"curies":[{"name":"wp","href":"https:\/\/api.w.org\/{rel}","templated":true}]}}