{"id":13342,"date":"2025-01-29T10:59:01","date_gmt":"2025-01-29T07:59:01","guid":{"rendered":"https:\/\/www.egemtv.com\/?p=13342"},"modified":"2025-01-29T10:59:03","modified_gmt":"2025-01-29T07:59:03","slug":"buyuksehirden-manisali-cocuklara-buz-pateni-keyfi","status":"publish","type":"post","link":"https:\/\/www.egemtv.com\/?p=13342","title":{"rendered":"B\u00fcy\u00fck\u015fehirden Manisal\u0131 \u00e7ocuklara buz pateni keyfi"},"content":{"rendered":"<p>Manisal\u0131 \u00e7ocuklar\u0131n sosyalle\u015fmelerine ve ho\u015f\u00e7a vakit ge\u00e7irmelerine katk\u0131 sa\u011flamak i\u00e7in etkinlikler d\u00fczenlemeye devam eden Manisa B\u00fcy\u00fck\u015fehir Belediyesi, 150 \u00e7ocu\u011fu \u0130zmir\u2019deki A\u015f\u0131k Veysel Buz Pisti\u2019nde buz pateni ile tan\u0131\u015ft\u0131rd\u0131. Etkinlikte \u00e7ocuklar hem keyifli anlar ya\u015fad\u0131 hem de d\u00f6n\u00fc\u015fte Ba\u015fkan Ferdi Zeyrek\u2019in hediyeleriyle mutlu oldu.<br \/>\n<br \/>Manisa B\u00fcy\u00fck\u015fehir Belediyesi Sosyal Hizmetler Daire Ba\u015fkanl\u0131\u011f\u0131 Sosyal Projeler Gen\u00e7lik Spor \u015eube M\u00fcd\u00fcrl\u00fc\u011f\u00fcn\u00fcn ev sahipli\u011finde organize edilen etkinli\u011fe Yunusemre Belediyesi ile \u015eehzadeler Belediyesi personelleri ve mahalle muhtarlar\u0131 da kat\u0131l\u0131m g\u00f6sterdi. B\u00fcy\u00fck\u015fehir Belediyesi\u2019ne ait ara\u00e7larla al\u0131nan \u00e7ocuklar, \u0130zmir\u2019deki A\u015f\u0131k Veysel Buz Pisti\u2019ne giderek e\u011flenceli ve unutulmaz dakikalar ge\u00e7irdi. \u0130lk kez buz pistine \u00e7\u0131kan 150 \u00e7ocu\u011fa, uzman antren\u00f6rler e\u015fli\u011finde temel ve teorik e\u011fitim verildi. \u00c7ocuklar hem spor yapman\u0131n hem de yeni bir aktiviteyi deneyimlemenin keyfini ya\u015fad\u0131. E\u011flenceli zaman ge\u00e7iren \u00e7ocuklar, Manisa B\u00fcy\u00fck\u015fehir Belediyesi Ba\u015fkan\u0131 Ferdi Zeyrek\u2019e te\u015fekk\u00fcr etti. Etkinlik d\u00f6n\u00fc\u015f\u00fcnde \u00e7ocuklara, B\u00fcy\u00fck\u015fehir Belediyesi taraf\u0131ndan \u00f6zel haz\u0131rlanan ve i\u00e7erisinde k\u0131rtasiye malzemeleri olan \u00e7antalar hediye edildi.<\/p>\n<p>Mutluluklar\u0131 g\u00f6zlerinden okundu<br \/>\n<br \/>Etkinli\u011fe kat\u0131lan \u00e7ocuklar\u0131n mutlulu\u011fu g\u00f6zlerinden okunurken, Arda Mahallesi Muhtar\u0131 Sevcan Alkan, \u201cSabah erken saatlerde \u00e7ocuklar\u0131m\u0131zla birlikte ara\u00e7lar\u0131m\u0131za binip \u0130zmir\u2019e geldik. \u00c7ocuklar buz pistinde e\u011flenceli vakit ge\u00e7irdi, bol bol kayarak ne\u015felendi. D\u00f6n\u00fc\u015fte ise Ba\u015fkan\u0131m\u0131z Ferdi Zeyrek\u2019in \u00f6zel olarak haz\u0131rlatt\u0131\u011f\u0131 hediyeler \u00e7ocuklara ula\u015ft\u0131r\u0131ld\u0131. \u00c7ocuklar\u0131m\u0131z hediyeleri g\u00f6r\u00fcnce \u00e7ok mutlu oldu. Bu g\u00fczel organizasyonu d\u00fczenledi\u011fi i\u00e7in Manisa B\u00fcy\u00fck\u015fehir Belediye Ba\u015fkan\u0131m\u0131z Mimar Ferdi Zeyrek\u2019e \u00e7ok te\u015fekk\u00fcr ediyorum\u201d dedi.<\/p>\n<p>\u201c\u00c7ocuklar\u0131m\u0131z\u0131n mutlulu\u011fu bizim i\u00e7in her \u015feyden \u00f6nemli\u201d<br \/>\n<br \/>Manisa B\u00fcy\u00fck\u015fehir Belediye Ba\u015fkan\u0131 Mimar Ferdi Zeyrek, \u201c\u00c7ocuklar\u0131m\u0131z\u0131n hem sporla bulu\u015fma hem de farkl\u0131 aktivitelerle tan\u0131\u015fma imkan\u0131 sunan bu t\u00fcr organizasyonlar, onlar\u0131n hayat\u0131na renk kat\u0131yor. Bu etkinlikler \u00e7ocuklar\u0131m\u0131z\u0131n sosyalle\u015fmelerini ve ho\u015f\u00e7a vakit ge\u00e7irmelerini sa\u011fl\u0131yor. Manisa\u2019m\u0131zda sa\u011fl\u0131kl\u0131 ve mutlu bireylerin yeti\u015fmesi \u00e7ok \u00f6nemsiyoruz, \u00e7ocuklar\u0131m\u0131z\u0131 hayat\u0131m\u0131z\u0131n merkezine al\u0131yoruz. Onlar\u0131n mutlulu\u011fu bizim i\u00e7in her \u015feyden \u00f6nemli. Bu t\u00fcr etkinliklerle \u00e7ocuklar\u0131m\u0131z\u0131n y\u00fczlerini g\u00fcld\u00fcrmeye devam edece\u011fiz\u201d dedi.<br \/>\n<br \/>Manisa B\u00fcy\u00fck\u015fehir Belediyesi\u2019nin, \u00e7ocuklara y\u00f6nelik sosyal projeleri, bu y\u0131l i\u00e7inde de d\u00fczenli olarak devam edecek.<br \/><\/p>\n","protected":false},"excerpt":{"rendered":"<p>Manisal\u0131 \u00e7ocuklar\u0131n sosyalle\u015fmelerine ve ho\u015f\u00e7a vakit ge\u00e7irmelerine katk\u0131 sa\u011flamak i\u00e7in etkinlikler d\u00fczenlemeye devam eden Manisa B\u00fcy\u00fck\u015fehir Belediyesi, 150 \u00e7ocu\u011fu \u0130zmir\u2019deki A\u015f\u0131k Veysel Buz Pisti\u2019nde buz pateni ile tan\u0131\u015ft\u0131rd\u0131. Etkinlikte \u00e7ocuklar hem keyifli anlar ya\u015fad\u0131 hem de d\u00f6n\u00fc\u015fte Ba\u015fkan Ferdi Zeyrek\u2019in hediyeleriyle mutlu oldu. Manisa B\u00fcy\u00fck\u015fehir Belediyesi Sosyal Hizmetler Daire Ba\u015fkanl\u0131\u011f\u0131 Sosyal Projeler Gen\u00e7lik Spor \u015eube&#8230;<\/p>\n","protected":false},"author":1,"featured_media":13343,"comment_status":"open","ping_status":"open","sticky":false,"template":"","format":"standard","meta":{"_crdt_document":"","footnotes":""},"categories":[123],"tags":[],"class_list":["post-13342","post","type-post","status-publish","format-standard","has-post-thumbnail","hentry","category-gundem"],"_links":{"self":[{"href":"https:\/\/www.egemtv.com\/index.php?rest_route=\/wp\/v2\/posts\/13342","targetHints":{"allow":["GET"]}}],"collection":[{"href":"https:\/\/www.egemtv.com\/index.php?rest_route=\/wp\/v2\/posts"}],"about":[{"href":"https:\/\/www.egemtv.com\/index.php?rest_route=\/wp\/v2\/types\/post"}],"author":[{"embeddable":true,"href":"https:\/\/www.egemtv.com\/index.php?rest_route=\/wp\/v2\/users\/1"}],"replies":[{"embeddable":true,"href":"https:\/\/www.egemtv.com\/index.php?rest_route=%2Fwp%2Fv2%2Fcomments&post=13342"}],"version-history":[{"count":1,"href":"https:\/\/www.egemtv.com\/index.php?rest_route=\/wp\/v2\/posts\/13342\/revisions"}],"predecessor-version":[{"id":13344,"href":"https:\/\/www.egemtv.com\/index.php?rest_route=\/wp\/v2\/posts\/13342\/revisions\/13344"}],"wp:featuredmedia":[{"embeddable":true,"href":"https:\/\/www.egemtv.com\/index.php?rest_route=\/wp\/v2\/media\/13343"}],"wp:attachment":[{"href":"https:\/\/www.egemtv.com\/index.php?rest_route=%2Fwp%2Fv2%2Fmedia&parent=13342"}],"wp:term":[{"taxonomy":"category","embeddable":true,"href":"https:\/\/www.egemtv.com\/index.php?rest_route=%2Fwp%2Fv2%2Fcategories&post=13342"},{"taxonomy":"post_tag","embeddable":true,"href":"https:\/\/www.egemtv.com\/index.php?rest_route=%2Fwp%2Fv2%2Ftags&post=13342"}],"curies":[{"name":"wp","href":"https:\/\/api.w.org\/{rel}","templated":true}]}}