{"id":13339,"date":"2025-01-29T10:41:05","date_gmt":"2025-01-29T07:41:05","guid":{"rendered":"https:\/\/www.egemtv.com\/?p=13339"},"modified":"2025-01-29T10:41:08","modified_gmt":"2025-01-29T07:41:08","slug":"aydinda-annelere-1-milyon-tl-destek-odemesi-yapildi","status":"publish","type":"post","link":"https:\/\/www.egemtv.com\/?p=13339","title":{"rendered":"Ayd\u0131n\u2019da annelere 1 milyon TL destek \u00f6demesi yap\u0131ld\u0131"},"content":{"rendered":"<p>Ayd\u0131n\u2019da do\u011fum yapan annelere y\u00f6nelik son 1 y\u0131lda Aile ve Sosyal Hizmetler \u0130l M\u00fcd\u00fcrl\u00fc\u011f\u00fc koordinesinde toplam 1 milyon 840 bin 249 TL destek \u00f6demesi yap\u0131ld\u0131.<\/p>\n<p>Aile ve Sosyal Hizmetler Bakanl\u0131\u011f\u0131 koordinesinde ger\u00e7ekle\u015ftirilen sosyal ve ekonomik destekler \u00fclke genelinde oldu\u011fu gibi Ayd\u0131n\u2019da da bir\u00e7ok ihtiya\u00e7 sahibi vatanda\u015fa umut oluyor. Bu \u00e7er\u00e7evede il genelinde Ayd\u0131n Aile ve Sosyal Hizmetler \u0130l M\u00fcd\u00fcrl\u00fc\u011f\u00fc taraf\u0131ndan y\u00fcr\u00fct\u00fclen \u00e7al\u0131\u015fmalarla her ge\u00e7en g\u00fcn daha \u00e7ok ihtiya\u00e7 sahibi vatanda\u015fa ula\u015f\u0131l\u0131yor. Ailelerin ihtiya\u00e7 ve taleplerine uygun sosyal hizmet modelleri sunulmaya devam ederken Ayd\u0131n\u2019da 2024 y\u0131l\u0131nda Aile ve Sosyal Hizmetler \u0130l M\u00fcd\u00fcrl\u00fc\u011f\u00fc koordinesinde Do\u011fum Yard\u0131m\u0131 kapsam\u0131nda t\u00fcm annelere toplam 1 milyon 840 bin 249 TL \u00f6deme yap\u0131ld\u0131.<br \/><\/p>\n","protected":false},"excerpt":{"rendered":"<p>Ayd\u0131n\u2019da do\u011fum yapan annelere y\u00f6nelik son 1 y\u0131lda Aile ve Sosyal Hizmetler \u0130l M\u00fcd\u00fcrl\u00fc\u011f\u00fc koordinesinde toplam 1 milyon 840 bin 249 TL destek \u00f6demesi yap\u0131ld\u0131. Aile ve Sosyal Hizmetler Bakanl\u0131\u011f\u0131 koordinesinde ger\u00e7ekle\u015ftirilen sosyal ve ekonomik destekler \u00fclke genelinde oldu\u011fu gibi Ayd\u0131n\u2019da da bir\u00e7ok ihtiya\u00e7 sahibi vatanda\u015fa umut oluyor. Bu \u00e7er\u00e7evede il genelinde Ayd\u0131n Aile ve&#8230;<\/p>\n","protected":false},"author":1,"featured_media":13340,"comment_status":"open","ping_status":"open","sticky":false,"template":"","format":"standard","meta":{"_crdt_document":"","footnotes":""},"categories":[125],"tags":[],"class_list":["post-13339","post","type-post","status-publish","format-standard","has-post-thumbnail","hentry","category-ekonomi"],"_links":{"self":[{"href":"https:\/\/www.egemtv.com\/index.php?rest_route=\/wp\/v2\/posts\/13339","targetHints":{"allow":["GET"]}}],"collection":[{"href":"https:\/\/www.egemtv.com\/index.php?rest_route=\/wp\/v2\/posts"}],"about":[{"href":"https:\/\/www.egemtv.com\/index.php?rest_route=\/wp\/v2\/types\/post"}],"author":[{"embeddable":true,"href":"https:\/\/www.egemtv.com\/index.php?rest_route=\/wp\/v2\/users\/1"}],"replies":[{"embeddable":true,"href":"https:\/\/www.egemtv.com\/index.php?rest_route=%2Fwp%2Fv2%2Fcomments&post=13339"}],"version-history":[{"count":1,"href":"https:\/\/www.egemtv.com\/index.php?rest_route=\/wp\/v2\/posts\/13339\/revisions"}],"predecessor-version":[{"id":13341,"href":"https:\/\/www.egemtv.com\/index.php?rest_route=\/wp\/v2\/posts\/13339\/revisions\/13341"}],"wp:featuredmedia":[{"embeddable":true,"href":"https:\/\/www.egemtv.com\/index.php?rest_route=\/wp\/v2\/media\/13340"}],"wp:attachment":[{"href":"https:\/\/www.egemtv.com\/index.php?rest_route=%2Fwp%2Fv2%2Fmedia&parent=13339"}],"wp:term":[{"taxonomy":"category","embeddable":true,"href":"https:\/\/www.egemtv.com\/index.php?rest_route=%2Fwp%2Fv2%2Fcategories&post=13339"},{"taxonomy":"post_tag","embeddable":true,"href":"https:\/\/www.egemtv.com\/index.php?rest_route=%2Fwp%2Fv2%2Ftags&post=13339"}],"curies":[{"name":"wp","href":"https:\/\/api.w.org\/{rel}","templated":true}]}}