{"id":13336,"date":"2025-01-29T10:37:22","date_gmt":"2025-01-29T07:37:22","guid":{"rendered":"https:\/\/www.egemtv.com\/?p=13336"},"modified":"2025-01-29T10:37:24","modified_gmt":"2025-01-29T07:37:24","slug":"baskan-unlu-43-ve-51-sokaktaki-calismalar-ornek-olacak","status":"publish","type":"post","link":"https:\/\/www.egemtv.com\/?p=13336","title":{"rendered":"Ba\u015fkan \u00dcnl\u00fc: \u201c43 ve 51 sokaktaki \u00e7al\u0131\u015fmalar \u00f6rnek olacak\u201d"},"content":{"rendered":"<p>Marmaris Belediye Ba\u015fkan\u0131 Acar \u00dcnl\u00fc, Marmaris \u00c7ar\u015f\u0131 43 ve 51 Sokak\u2019taki \u00e7al\u0131\u015fmalar tamamland\u0131\u011f\u0131nda t\u00fcm il\u00e7eye \u00f6rnek olaca\u011f\u0131n\u0131 s\u00f6yledi.<br \/>\n<br \/>Marmaris Belediye Ba\u015fkan\u0131 Acar \u00dcnl\u00fc, her y\u0131l binlerce turist a\u011f\u0131rlayan Marmaris \u00c7ar\u015f\u0131\u2019n\u0131n iki soka\u011f\u0131nda s\u00fcrd\u00fcr\u00fclen \u00e7al\u0131\u015fmalar\u0131 inceledi.<br \/>\n<br \/>43 ve 51. Sokak\u2019ta devam eden \u00e7al\u0131\u015fmalar\u0131n bir an \u00f6nce bitirilmesi i\u00e7in b\u00fcy\u00fck gayret g\u00f6sterdiklerini s\u00f6yleyen Ba\u015fkan \u00dcnl\u00fc, \u201cBu iki sokaktaki \u00e7al\u0131\u015fmalar tamamland\u0131\u011f\u0131nda \u00f6rnek olacak\u201d diye konu\u015ftu.<br \/>\n<br \/>Altyap\u0131 i\u015flerinin bitmesinin ard\u0131ndan zemin d\u00f6\u015feme \u00e7al\u0131\u015fmas\u0131 ba\u015fland\u0131\u011f\u0131 43. Sokak ve \u00fcst g\u00f6lgeliklerin s\u00f6k\u00fclmesinin ard\u0131ndan altyap\u0131 \u00e7al\u0131\u015fmas\u0131na ge\u00e7ilen 51. Sokak\u2019ta \u00e7al\u0131\u015fan personeli ziyaret eden Ba\u015fkan \u00dcnl\u00fc, esnafla da bir araya geldi.<br \/>\n<br \/>Ba\u015fkan \u00dcnl\u00fc, \u201cMarmaris \u00e7ar\u015f\u0131s\u0131na yepyeni bir soluk kazand\u0131racak, ferah, ayd\u0131nl\u0131k ve modern bir g\u00f6r\u00fcn\u00fcme kavu\u015fturacak \u00e7al\u0131\u015fmalar\u0131m\u0131z t\u00fcm h\u0131z\u0131yla devam ediyor. Asmal\u0131 Sokak olarak da bilinen 43. Sokak\u2019ta altyap\u0131 yenileme \u00e7al\u0131\u015fmalar\u0131n\u0131 tamamlad\u0131ktan sonra yer d\u00f6\u015feme i\u015flemlerine ge\u00e7tik. Ayr\u0131ca, 51. Sokak\u2019ta g\u00f6lgelik ama\u00e7l\u0131 kullan\u0131lan sundurmalar\u0131 kald\u0131rarak altyap\u0131 \u00e7al\u0131\u015fmalar\u0131na ba\u015flad\u0131k. Bu iki soka\u011f\u0131, tertemiz ve \u00e7a\u011fda\u015f g\u00f6r\u00fcn\u00fcmleriyle \u00e7ar\u015f\u0131n\u0131n tamam\u0131na \u00f6rnek te\u015fkil edecek bir hale getirmek i\u00e7in titizlikle \u00e7al\u0131\u015f\u0131yoruz. \u0130l\u00e7emizin g\u00f6zbebe\u011fi \u00e7ar\u015f\u0131m\u0131z yenileniyor, Marmaris g\u00fczelle\u015fiyor! Daha modern, estetik ve ya\u015fanabilir bir \u00e7ar\u015f\u0131 i\u00e7in \u00e7al\u0131\u015fmalar\u0131m\u0131z\u0131 aral\u0131ks\u0131z s\u00fcrd\u00fcrece\u011fiz\u201d diye konu\u015ftu.<br \/><\/p>\n","protected":false},"excerpt":{"rendered":"<p>Marmaris Belediye Ba\u015fkan\u0131 Acar \u00dcnl\u00fc, Marmaris \u00c7ar\u015f\u0131 43 ve 51 Sokak\u2019taki \u00e7al\u0131\u015fmalar tamamland\u0131\u011f\u0131nda t\u00fcm il\u00e7eye \u00f6rnek olaca\u011f\u0131n\u0131 s\u00f6yledi. Marmaris Belediye Ba\u015fkan\u0131 Acar \u00dcnl\u00fc, her y\u0131l binlerce turist a\u011f\u0131rlayan Marmaris \u00c7ar\u015f\u0131\u2019n\u0131n iki soka\u011f\u0131nda s\u00fcrd\u00fcr\u00fclen \u00e7al\u0131\u015fmalar\u0131 inceledi. 43 ve 51. Sokak\u2019ta devam eden \u00e7al\u0131\u015fmalar\u0131n bir an \u00f6nce bitirilmesi i\u00e7in b\u00fcy\u00fck gayret g\u00f6sterdiklerini s\u00f6yleyen Ba\u015fkan \u00dcnl\u00fc, \u201cBu iki&#8230;<\/p>\n","protected":false},"author":1,"featured_media":13337,"comment_status":"open","ping_status":"open","sticky":false,"template":"","format":"standard","meta":{"_crdt_document":"","footnotes":""},"categories":[1],"tags":[],"class_list":["post-13336","post","type-post","status-publish","format-standard","has-post-thumbnail","hentry","category-guncel"],"_links":{"self":[{"href":"https:\/\/www.egemtv.com\/index.php?rest_route=\/wp\/v2\/posts\/13336","targetHints":{"allow":["GET"]}}],"collection":[{"href":"https:\/\/www.egemtv.com\/index.php?rest_route=\/wp\/v2\/posts"}],"about":[{"href":"https:\/\/www.egemtv.com\/index.php?rest_route=\/wp\/v2\/types\/post"}],"author":[{"embeddable":true,"href":"https:\/\/www.egemtv.com\/index.php?rest_route=\/wp\/v2\/users\/1"}],"replies":[{"embeddable":true,"href":"https:\/\/www.egemtv.com\/index.php?rest_route=%2Fwp%2Fv2%2Fcomments&post=13336"}],"version-history":[{"count":1,"href":"https:\/\/www.egemtv.com\/index.php?rest_route=\/wp\/v2\/posts\/13336\/revisions"}],"predecessor-version":[{"id":13338,"href":"https:\/\/www.egemtv.com\/index.php?rest_route=\/wp\/v2\/posts\/13336\/revisions\/13338"}],"wp:featuredmedia":[{"embeddable":true,"href":"https:\/\/www.egemtv.com\/index.php?rest_route=\/wp\/v2\/media\/13337"}],"wp:attachment":[{"href":"https:\/\/www.egemtv.com\/index.php?rest_route=%2Fwp%2Fv2%2Fmedia&parent=13336"}],"wp:term":[{"taxonomy":"category","embeddable":true,"href":"https:\/\/www.egemtv.com\/index.php?rest_route=%2Fwp%2Fv2%2Fcategories&post=13336"},{"taxonomy":"post_tag","embeddable":true,"href":"https:\/\/www.egemtv.com\/index.php?rest_route=%2Fwp%2Fv2%2Ftags&post=13336"}],"curies":[{"name":"wp","href":"https:\/\/api.w.org\/{rel}","templated":true}]}}