{"id":13333,"date":"2025-01-29T10:29:17","date_gmt":"2025-01-29T07:29:17","guid":{"rendered":"https:\/\/www.egemtv.com\/?p=13333"},"modified":"2025-01-29T10:29:18","modified_gmt":"2025-01-29T07:29:18","slug":"aliagada-50-adet-damizlik-koc-yetistiricilere-teslim-edildi","status":"publish","type":"post","link":"https:\/\/www.egemtv.com\/?p=13333","title":{"rendered":"Alia\u011fa\u2019da 50 adet dam\u0131zl\u0131k ko\u00e7, yeti\u015ftiricilere teslim edildi"},"content":{"rendered":"<p>\u0130zmir\u2019in Alia\u011fa il\u00e7esinde, Dam\u0131zl\u0131k K\u0131v\u0131rc\u0131k ve Merinos Koyunculuk Tesisi Projesi kapsam\u0131nda 50 adet pedigrili dam\u0131zl\u0131k ko\u00e7 yeti\u015ftiricilere teslim edildi.<br \/>\n<br \/>\u0130zmir \u0130l Tar\u0131m ve Orman M\u00fcd\u00fcrl\u00fc\u011f\u00fc ile Alia\u011fa Belediyesi aras\u0131nda 2021 y\u0131l\u0131nda imzalanan 10 y\u0131ll\u0131k protokol kapsam\u0131nda hayata ge\u00e7irilen Alia\u011fa Dam\u0131zl\u0131k Koyun Merkezi, \u00c7oraklar Mahallesi\u2019nde 40 bin merekarelik bir alanda kuruldu. Tesiste, bin 500 merekare yar\u0131 a\u00e7\u0131k besihane, 500 merekare yem deposu ve 500 merekare eski ko\u00e7 depo alan\u0131 yer al\u0131yor. Toplamda bin ba\u015f kapasiteli bir \u00fcretim alan\u0131na sahip tesiste, halen 220\u2019nin \u00fczerinde Karacabey Merinosu ana\u00e7 koyun, 120\u2019nin \u00fczerinde K\u0131v\u0131rc\u0131k ana\u00e7 koyun, 300 yeni do\u011fan kuzu ve 70 dam\u0131zl\u0131k ko\u00e7 olmak \u00fczere toplamda 710\u2019un \u00fczerinde hayvan bulunuyor. Ayr\u0131ca merkeze biti\u015fik bin 600 dekarl\u0131k mera arazisi, hayvanlar\u0131n do\u011fal yay\u0131l\u0131m\u0131 i\u00e7in kullan\u0131l\u0131yor.<\/p>\n<p>\u201cHalk Elinde Islah Projelerinde Pedigrili Ko\u00e7 Temini\u201d uygulamas\u0131<br \/>\n<br \/>Tesis, T\u00fcrkiye\u2019de bir ilk olan \u201cHalk Elinde Islah Projelerinde Pedigrili Dam\u0131zl\u0131k Ko\u00e7 Temini\u201d uygulamas\u0131n\u0131 hayata ge\u00e7irildi. Bu kapsamda da\u011f\u0131t\u0131lan ko\u00e7lar\u0131n, kan yak\u0131nl\u0131\u011f\u0131 ve akraba evlili\u011fi sorunlar\u0131na yol a\u00e7mamas\u0131 i\u00e7in genetik takip yap\u0131l\u0131yor. Proje, y\u00fcksek verimli di\u015fi ve erkek dam\u0131zl\u0131k hayvanlar\u0131n temin edilmesiyle, k\u0131rsaldaki yeti\u015ftiricilerin gelir seviyesini art\u0131rmay\u0131 hedefliyor.<br \/>\n<br \/>Projenin 2025 y\u0131l\u0131 itibar\u0131yla Alia\u011fa genelinde 6 bin 500 Merinos ve 6 bin 500 K\u0131v\u0131rc\u0131k \u0131rk\u0131 koyun varl\u0131\u011f\u0131na ula\u015fmas\u0131 ama\u00e7lan\u0131yor. Bu sayede b\u00f6lgedeki hayvanc\u0131l\u0131k faaliyetlerinde y\u00fcksek verim art\u0131\u015f\u0131 sa\u011flanmas\u0131 planlan\u0131yor.<\/p>\n<p>Merkezde yeti\u015ftirilen dam\u0131zl\u0131k 50 adet ko\u00e7 yeni sahiplerine da\u011f\u0131t\u0131ld\u0131<br \/>\n<br \/>Dam\u0131zl\u0131k ko\u00e7 da\u011f\u0131t\u0131m t\u00f6renine kat\u0131lan \u0130l Tar\u0131m ve Orman M\u00fcd\u00fcr\u00fc Mustafa \u015eahin, \u201cAlia\u011fa Dam\u0131zl\u0131k Koyunculuk Tesisi, hem yeti\u015ftiricilerimizin hayvan varl\u0131klar\u0131n\u0131 g\u00fc\u00e7lendirecek hem de verimlili\u011fi art\u0131rarak k\u0131rsal kalk\u0131nmaya katk\u0131 sa\u011flayacak bir merkezdir. Bu proje ile yeti\u015ftiricilerimize y\u00fcksek verimli, kan yak\u0131nl\u0131\u011f\u0131 sorunlar\u0131ndan ar\u0131nd\u0131r\u0131lm\u0131\u015f dam\u0131zl\u0131k hayvanlar temin ederek s\u00fcrd\u00fcr\u00fclebilir hayvanc\u0131l\u0131k uygulamalar\u0131n\u0131 destekliyoruz. 2025 y\u0131l\u0131 itibar\u0131yla b\u00f6lgede b\u00fcy\u00fck bir hayvan varl\u0131\u011f\u0131na ula\u015farak \u00fcretimde kalite ve verimi art\u0131rmay\u0131 hedefliyoruz\u201d diye konu\u015ftu.<br \/>\n<br \/>Proje kapsam\u0131nda 2025 y\u0131l\u0131 itibari ile koyunculuk yapan veya yapmak isteyen ve istenen \u015fartlar\u0131 sa\u011flayan \u00fcreticilerimize dam\u0131zl\u0131k ko\u00e7 ve her bir i\u015fletmeye 20 di\u015fi 1 erkek hayvan verilecek, 3 \u00fcnc\u00fc yavrulamada ayn\u0131 miktarda hayvan geri al\u0131nacak ve ba\u015fka \u00fcreticilerimize ayn\u0131 \u015fekilde da\u011f\u0131t\u0131lacak.<br \/><\/p>\n","protected":false},"excerpt":{"rendered":"<p>\u0130zmir\u2019in Alia\u011fa il\u00e7esinde, Dam\u0131zl\u0131k K\u0131v\u0131rc\u0131k ve Merinos Koyunculuk Tesisi Projesi kapsam\u0131nda 50 adet pedigrili dam\u0131zl\u0131k ko\u00e7 yeti\u015ftiricilere teslim edildi. \u0130zmir \u0130l Tar\u0131m ve Orman M\u00fcd\u00fcrl\u00fc\u011f\u00fc ile Alia\u011fa Belediyesi aras\u0131nda 2021 y\u0131l\u0131nda imzalanan 10 y\u0131ll\u0131k protokol kapsam\u0131nda hayata ge\u00e7irilen Alia\u011fa Dam\u0131zl\u0131k Koyun Merkezi, \u00c7oraklar Mahallesi\u2019nde 40 bin merekarelik bir alanda kuruldu. Tesiste, bin 500 merekare yar\u0131&#8230;<\/p>\n","protected":false},"author":1,"featured_media":13334,"comment_status":"open","ping_status":"open","sticky":false,"template":"","format":"standard","meta":{"_crdt_document":"","footnotes":""},"categories":[1],"tags":[],"class_list":["post-13333","post","type-post","status-publish","format-standard","has-post-thumbnail","hentry","category-guncel"],"_links":{"self":[{"href":"https:\/\/www.egemtv.com\/index.php?rest_route=\/wp\/v2\/posts\/13333","targetHints":{"allow":["GET"]}}],"collection":[{"href":"https:\/\/www.egemtv.com\/index.php?rest_route=\/wp\/v2\/posts"}],"about":[{"href":"https:\/\/www.egemtv.com\/index.php?rest_route=\/wp\/v2\/types\/post"}],"author":[{"embeddable":true,"href":"https:\/\/www.egemtv.com\/index.php?rest_route=\/wp\/v2\/users\/1"}],"replies":[{"embeddable":true,"href":"https:\/\/www.egemtv.com\/index.php?rest_route=%2Fwp%2Fv2%2Fcomments&post=13333"}],"version-history":[{"count":1,"href":"https:\/\/www.egemtv.com\/index.php?rest_route=\/wp\/v2\/posts\/13333\/revisions"}],"predecessor-version":[{"id":13335,"href":"https:\/\/www.egemtv.com\/index.php?rest_route=\/wp\/v2\/posts\/13333\/revisions\/13335"}],"wp:featuredmedia":[{"embeddable":true,"href":"https:\/\/www.egemtv.com\/index.php?rest_route=\/wp\/v2\/media\/13334"}],"wp:attachment":[{"href":"https:\/\/www.egemtv.com\/index.php?rest_route=%2Fwp%2Fv2%2Fmedia&parent=13333"}],"wp:term":[{"taxonomy":"category","embeddable":true,"href":"https:\/\/www.egemtv.com\/index.php?rest_route=%2Fwp%2Fv2%2Fcategories&post=13333"},{"taxonomy":"post_tag","embeddable":true,"href":"https:\/\/www.egemtv.com\/index.php?rest_route=%2Fwp%2Fv2%2Ftags&post=13333"}],"curies":[{"name":"wp","href":"https:\/\/api.w.org\/{rel}","templated":true}]}}