{"id":13330,"date":"2025-01-29T10:29:14","date_gmt":"2025-01-29T07:29:14","guid":{"rendered":"https:\/\/www.egemtv.com\/?p=13330"},"modified":"2025-01-29T10:29:16","modified_gmt":"2025-01-29T07:29:16","slug":"baskan-guler-ilidag-mahallesi-icin-imzalari-atti","status":"publish","type":"post","link":"https:\/\/www.egemtv.com\/?p=13330","title":{"rendered":"Ba\u015fkan G\u00fcler, Il\u0131da\u011f Mahallesi i\u00e7in imzalar\u0131 att\u0131"},"content":{"rendered":"<p>K\u00f6\u015fk Belediye Ba\u015fkan\u0131 Nuri G\u00fcler, Il\u0131da\u011f Mahallesi sakinlerinden gelen talep do\u011frultusunda mahalleye ATM kurulmas\u0131 i\u00e7in bir banka ile protokol imzalad\u0131.<\/p>\n<p>K\u00f6\u015fk\u2019\u00fcn en kalabal\u0131k mahallelerden biri olan Il\u0131da\u011f Mahallesi\u2019nde zamanlar\u0131n\u0131n genelini arazilerinde ve hayvanlar\u0131yla ge\u00e7irerek geriye kalan k\u0131s\u0131tl\u0131 zaman diliminde il\u00e7e merkezine gidemeyen vatanda\u015flardan gelen talep do\u011frultusunda harekete ge\u00e7en Belediye Ba\u015fkan\u0131 Nuri G\u00fcler, banka yetkilileriyle g\u00f6r\u00fc\u015ferek mahalleye ATM cihaz\u0131 kurulmas\u0131 i\u00e7in d\u00fc\u011fmeye bast\u0131. ATM\u2019nin bir an \u00f6nce mahalleye kurulmas\u0131 i\u00e7in yer tahsisi yapan ve banka yetkilileriyle protokol imzalayan K\u00f6\u015fk Belediye Ba\u015fkan\u0131 Nuri G\u00fcler, \u201cSezon boyunca yo\u011fun bir \u00e7al\u0131\u015fma temposu i\u00e7erisinde olan Il\u0131da\u011fl\u0131 hem\u015fehrilerimiz, k\u0131s\u0131tl\u0131 zaman diliminde bankac\u0131l\u0131k i\u015flemlerini yapmak i\u00e7in il\u00e7e merkezimize gelmekte zorland\u0131klar\u0131n\u0131 ifade ederek mahallemize bir ATM cihaz\u0131 kurulmas\u0131 y\u00f6n\u00fcnde taleplerini bize ilettiler. Banka yetkilileriyle yapt\u0131\u011f\u0131m\u0131z g\u00f6r\u00fc\u015fmeler sonucunda K\u00f6\u015fk Belediyesi olarak \u00fczerimize d\u00fc\u015feni yaparak, Il\u0131da\u011f mahallemize ATM cihaz\u0131 kurulmas\u0131 i\u00e7in bedelsiz yer tahsisimizi ger\u00e7ekle\u015ftirdik ve bug\u00fcnde protokol\u00fcm\u00fcz\u00fc imzalad\u0131k. Mahallemize ve hem\u015fehrilerimize hay\u0131rl\u0131 olsun\u201d diye konu\u015ftu.<br \/><\/p>\n","protected":false},"excerpt":{"rendered":"<p>K\u00f6\u015fk Belediye Ba\u015fkan\u0131 Nuri G\u00fcler, Il\u0131da\u011f Mahallesi sakinlerinden gelen talep do\u011frultusunda mahalleye ATM kurulmas\u0131 i\u00e7in bir banka ile protokol imzalad\u0131. K\u00f6\u015fk\u2019\u00fcn en kalabal\u0131k mahallelerden biri olan Il\u0131da\u011f Mahallesi\u2019nde zamanlar\u0131n\u0131n genelini arazilerinde ve hayvanlar\u0131yla ge\u00e7irerek geriye kalan k\u0131s\u0131tl\u0131 zaman diliminde il\u00e7e merkezine gidemeyen vatanda\u015flardan gelen talep do\u011frultusunda harekete ge\u00e7en Belediye Ba\u015fkan\u0131 Nuri G\u00fcler, banka yetkilileriyle g\u00f6r\u00fc\u015ferek&#8230;<\/p>\n","protected":false},"author":1,"featured_media":13331,"comment_status":"open","ping_status":"open","sticky":false,"template":"","format":"standard","meta":{"_crdt_document":"","footnotes":""},"categories":[1],"tags":[],"class_list":["post-13330","post","type-post","status-publish","format-standard","has-post-thumbnail","hentry","category-guncel"],"_links":{"self":[{"href":"https:\/\/www.egemtv.com\/index.php?rest_route=\/wp\/v2\/posts\/13330","targetHints":{"allow":["GET"]}}],"collection":[{"href":"https:\/\/www.egemtv.com\/index.php?rest_route=\/wp\/v2\/posts"}],"about":[{"href":"https:\/\/www.egemtv.com\/index.php?rest_route=\/wp\/v2\/types\/post"}],"author":[{"embeddable":true,"href":"https:\/\/www.egemtv.com\/index.php?rest_route=\/wp\/v2\/users\/1"}],"replies":[{"embeddable":true,"href":"https:\/\/www.egemtv.com\/index.php?rest_route=%2Fwp%2Fv2%2Fcomments&post=13330"}],"version-history":[{"count":1,"href":"https:\/\/www.egemtv.com\/index.php?rest_route=\/wp\/v2\/posts\/13330\/revisions"}],"predecessor-version":[{"id":13332,"href":"https:\/\/www.egemtv.com\/index.php?rest_route=\/wp\/v2\/posts\/13330\/revisions\/13332"}],"wp:featuredmedia":[{"embeddable":true,"href":"https:\/\/www.egemtv.com\/index.php?rest_route=\/wp\/v2\/media\/13331"}],"wp:attachment":[{"href":"https:\/\/www.egemtv.com\/index.php?rest_route=%2Fwp%2Fv2%2Fmedia&parent=13330"}],"wp:term":[{"taxonomy":"category","embeddable":true,"href":"https:\/\/www.egemtv.com\/index.php?rest_route=%2Fwp%2Fv2%2Fcategories&post=13330"},{"taxonomy":"post_tag","embeddable":true,"href":"https:\/\/www.egemtv.com\/index.php?rest_route=%2Fwp%2Fv2%2Ftags&post=13330"}],"curies":[{"name":"wp","href":"https:\/\/api.w.org\/{rel}","templated":true}]}}