{"id":13327,"date":"2025-01-29T10:29:11","date_gmt":"2025-01-29T07:29:11","guid":{"rendered":"https:\/\/www.egemtv.com\/?p=13327"},"modified":"2025-01-29T10:29:13","modified_gmt":"2025-01-29T07:29:13","slug":"gediz-ilce-milli-egitim-muduru-mahmut-bahadura-veda-programi","status":"publish","type":"post","link":"https:\/\/www.egemtv.com\/?p=13327","title":{"rendered":"Gediz \u0130l\u00e7e Mill\u00ee E\u011fitim M\u00fcd\u00fcr\u00fc Mahmut Bahadur\u2019a veda program\u0131"},"content":{"rendered":"<p>K\u00fctahya\u2019n\u0131n Gediz il\u00e7esinde g\u00f6rev yapan ve ge\u00e7ti\u011fimiz g\u00fcnlerde istifas\u0131n\u0131 sunan \u0130l\u00e7e Mill\u00ee E\u011fitim M\u00fcd\u00fcr\u00fc Mahmut Bahadur i\u00e7in bir veda program\u0131 d\u00fczenlendi.<br \/>\n<br \/>Gediz \u0130l\u00e7e Mill\u00ee E\u011fitim M\u00fcd\u00fcrl\u00fc\u011f\u00fc toplant\u0131 salonunda ger\u00e7ekle\u015ftirilen programa, il\u00e7e mill\u00ee e\u011fitim \u015fube m\u00fcd\u00fcrleri, birim \u015fefleri, memurlar ve personel kat\u0131ld\u0131. Programda, \u0130l\u00e7e Mill\u00ee E\u011fitim M\u00fcd\u00fcr\u00fc Mahmut Bahadur, Gediz\u2019in e\u011fitim camias\u0131na hizmet etmi\u015f olman\u0131n kendisi i\u00e7in b\u00fcy\u00fck bir onur ve gurur oldu\u011funu ifade etti. Konu\u015fmas\u0131nda, bu vedan\u0131n bir bayrak de\u011fi\u015fimi oldu\u011funu belirten Bahadur, t\u00fcm mesai arkada\u015flar\u0131na te\u015fekk\u00fcr ederek haklar\u0131n\u0131 hel\u00e2l etmelerini istedi.<br \/>\n<br \/>Program\u0131n sonunda, Gediz \u0130l\u00e7e Mill\u00ee E\u011fitim M\u00fcd\u00fcr Vekili Murat \u0130\u00e7el taraf\u0131ndan, Mahmut Bahadur\u2019a hizmetlerinden dolay\u0131 bir plaket takdim edildi.<br \/>\n<br \/>G\u00f6rev s\u00fcresi boyunca il\u00e7edeki e\u011fitim alan\u0131nda \u00f6nemli katk\u0131lar sa\u011flayan Mahmut Bahadur\u2019a veda edilirken, programa kat\u0131lanlar duygusal anlar ya\u015fad\u0131.<br \/>\n<br \/>Milli E\u011fitim M\u00fcd\u00fcrl\u00fc\u011f\u00fcnden ayr\u0131lan Bahadur bundan sonraki g\u00f6revine \u00f6\u011fretmen olarak devam edecek.<br \/><\/p>\n","protected":false},"excerpt":{"rendered":"<p>K\u00fctahya\u2019n\u0131n Gediz il\u00e7esinde g\u00f6rev yapan ve ge\u00e7ti\u011fimiz g\u00fcnlerde istifas\u0131n\u0131 sunan \u0130l\u00e7e Mill\u00ee E\u011fitim M\u00fcd\u00fcr\u00fc Mahmut Bahadur i\u00e7in bir veda program\u0131 d\u00fczenlendi. Gediz \u0130l\u00e7e Mill\u00ee E\u011fitim M\u00fcd\u00fcrl\u00fc\u011f\u00fc toplant\u0131 salonunda ger\u00e7ekle\u015ftirilen programa, il\u00e7e mill\u00ee e\u011fitim \u015fube m\u00fcd\u00fcrleri, birim \u015fefleri, memurlar ve personel kat\u0131ld\u0131. Programda, \u0130l\u00e7e Mill\u00ee E\u011fitim M\u00fcd\u00fcr\u00fc Mahmut Bahadur, Gediz\u2019in e\u011fitim camias\u0131na hizmet etmi\u015f olman\u0131n kendisi&#8230;<\/p>\n","protected":false},"author":1,"featured_media":13328,"comment_status":"open","ping_status":"open","sticky":false,"template":"","format":"standard","meta":{"_crdt_document":"","footnotes":""},"categories":[123],"tags":[],"class_list":["post-13327","post","type-post","status-publish","format-standard","has-post-thumbnail","hentry","category-gundem"],"_links":{"self":[{"href":"https:\/\/www.egemtv.com\/index.php?rest_route=\/wp\/v2\/posts\/13327","targetHints":{"allow":["GET"]}}],"collection":[{"href":"https:\/\/www.egemtv.com\/index.php?rest_route=\/wp\/v2\/posts"}],"about":[{"href":"https:\/\/www.egemtv.com\/index.php?rest_route=\/wp\/v2\/types\/post"}],"author":[{"embeddable":true,"href":"https:\/\/www.egemtv.com\/index.php?rest_route=\/wp\/v2\/users\/1"}],"replies":[{"embeddable":true,"href":"https:\/\/www.egemtv.com\/index.php?rest_route=%2Fwp%2Fv2%2Fcomments&post=13327"}],"version-history":[{"count":1,"href":"https:\/\/www.egemtv.com\/index.php?rest_route=\/wp\/v2\/posts\/13327\/revisions"}],"predecessor-version":[{"id":13329,"href":"https:\/\/www.egemtv.com\/index.php?rest_route=\/wp\/v2\/posts\/13327\/revisions\/13329"}],"wp:featuredmedia":[{"embeddable":true,"href":"https:\/\/www.egemtv.com\/index.php?rest_route=\/wp\/v2\/media\/13328"}],"wp:attachment":[{"href":"https:\/\/www.egemtv.com\/index.php?rest_route=%2Fwp%2Fv2%2Fmedia&parent=13327"}],"wp:term":[{"taxonomy":"category","embeddable":true,"href":"https:\/\/www.egemtv.com\/index.php?rest_route=%2Fwp%2Fv2%2Fcategories&post=13327"},{"taxonomy":"post_tag","embeddable":true,"href":"https:\/\/www.egemtv.com\/index.php?rest_route=%2Fwp%2Fv2%2Ftags&post=13327"}],"curies":[{"name":"wp","href":"https:\/\/api.w.org\/{rel}","templated":true}]}}