{"id":13309,"date":"2025-01-29T10:01:17","date_gmt":"2025-01-29T07:01:17","guid":{"rendered":"https:\/\/www.egemtv.com\/?p=13309"},"modified":"2025-01-29T10:01:19","modified_gmt":"2025-01-29T07:01:19","slug":"sut-kuzusunda-dagitimlar-basladi","status":"publish","type":"post","link":"https:\/\/www.egemtv.com\/?p=13309","title":{"rendered":"S\u00fct Kuzusu\u2019nda da\u011f\u0131t\u0131mlar ba\u015flad\u0131"},"content":{"rendered":"<p>\u0130zmir B\u00fcy\u00fck\u015fehir Belediyesinin y\u0131llard\u0131r s\u00fcrd\u00fcrd\u00fc\u011f\u00fc S\u00fct Kuzusu Projesi\u2019nde yeni d\u00f6nem ba\u015flad\u0131. \u00c7ocuklar\u0131n sa\u011fl\u0131kl\u0131 geli\u015fimine katk\u0131 sa\u011flamak ve ailelerin ekonomik y\u00fck\u00fcn\u00fc hafifletmek i\u00e7in hayata ge\u00e7irilen proje kapsam\u0131nda B\u00fcy\u00fck\u015fehir ekipleri 30 il\u00e7enin 622 mahallesinde da\u011f\u0131t\u0131ma \u00e7\u0131kt\u0131.<br \/>\n<br \/>\u0130zmir B\u00fcy\u00fck\u015fehir Belediyesi ile \u00f6zde\u015fle\u015fmi\u015f ve T\u00fcrkiye\u2019ye \u00f6rnek olarak y\u0131llard\u0131r s\u00fcrd\u00fcr\u00fclen S\u00fct Kuzusu Projesi\u2019nde yeni d\u00f6nem 27 Ocak\u2019ta ba\u015flad\u0131. \u2018S\u00fct \u0130\u00e7meyen \u00c7ocuk Kalmas\u0131n\u2019 diyerek \u00fcretici kooperatiflerinden al\u0131nan s\u00fctleri kentin d\u00f6rt bir yan\u0131ndaki 2-5 ya\u015f aras\u0131 \u00e7ocuklara ula\u015ft\u0131ran B\u00fcy\u00fck\u015fehir Belediyesi hem k\u0131rsala destek verirken hem de \u0130zmirli miniklerin sa\u011fl\u0131kl\u0131 g\u0131daya eri\u015fmesini sa\u011fl\u0131yor.<\/p>\n<p>Sosyal belediyecilik anlay\u0131\u015f\u0131 devam ediyor<br \/>\n<br \/>Belirli bir gelir seviyesine sahip ailelere y\u00f6nelik y\u00fcr\u00fct\u00fclen S\u00fct Kuzusu Projesi\u2019yle istenen kriterleri ta\u015f\u0131yan ailelerin \u00e7ocuklar\u0131na \u00fccretsiz olarak ayl\u0131k 8 litre s\u00fct da\u011f\u0131t\u0131m\u0131 yap\u0131lacak. \u0130zmir B\u00fcy\u00fck\u015fehir Belediyesi\u2019nin sosyal belediyecilik anlay\u0131\u015f\u0131yla yeni s\u00fcre\u00e7te de devam ettirece\u011fi proje kapsam\u0131nda Sosyal Hizmetler ve Yard\u0131mlar \u015eube M\u00fcd\u00fcrl\u00fc\u011f\u00fc\u2019n\u00fcn 20 ki\u015filik bir ekibi d\u00fczenli olarak \u00e7ocuklar\u0131n t\u00fcketimi i\u00e7in ailelere s\u00fct teslim edecek. Da\u011f\u0131t\u0131mlar \u0130zmir\u2019in 30 il\u00e7esindeki 622 mahallede ger\u00e7ekle\u015ftirilecek.<\/p>\n<p>Merkez il\u00e7eler de yararlanacak<br \/>\n<br \/>S\u00fct Kuzusu Projesi, \u0130zmir\u2019in merkez il\u00e7eleri Bal\u00e7ova, Bayrakl\u0131, Bornova, Buca, \u00c7i\u011fli, Gaziemir, G\u00fczelbah\u00e7e, Karaba\u011flar, Kar\u015f\u0131yaka, Konak ve Narl\u0131dere\u2019nin tamam\u0131nda uygulanacak. Ayr\u0131ca Alia\u011fa, Bay\u0131nd\u0131r, Bergama, Beyda\u011f, \u00c7e\u015fme, Dikili, Fo\u00e7a, Karaburun, Kemalpa\u015fa, K\u0131n\u0131k, Kiraz, Menderes, Menemen, \u00d6demi\u015f, Seferihisar, Sel\u00e7uk, Tire, Torbal\u0131 ve Urla il\u00e7elerinin merkez mahalleleri de projeden yararlanacak.<\/p>\n<p>Ba\u015fvurular online al\u0131nacak<br \/>\n<br \/>Projeden faydalanmak isteyen aileler, ba\u015fvurular\u0131n\u0131 www.bizvariz.izmir.bel.tr internet adresi \u00fczerinden online olarak yapabilecek. Ba\u015fvurular\u0131n de\u011ferlendirilmesinin ard\u0131ndan s\u00fct da\u011f\u0131t\u0131mlar\u0131 d\u00fczenli bir \u015fekilde ger\u00e7ekle\u015ftirilecek.<\/p>\n<p>\u201c\u00dcretici ve aileleri destekliyoruz, \u00e7ocuklar sa\u011fl\u0131kl\u0131 b\u00fcy\u00fcs\u00fcn istiyoruz\u201d<br \/>\n<br \/>Projenin yeni d\u00f6nemi hakk\u0131nda bilgi veren \u0130zmir B\u00fcy\u00fck\u015fehir Belediyesi Sosyal Hizmetler Dairesi Ba\u015fkanl\u0131\u011f\u0131 Sosyal Hizmetler ve Yard\u0131mlar \u015eube M\u00fcd\u00fcrl\u00fc\u011f\u00fc \u015eefi Enes Ya\u015far, \u201c\u0130zmir B\u00fcy\u00fck\u015fehir Belediyesi olarak Ba\u015fkan\u0131m\u0131z Cemil Tugay\u2019\u0131n talimatlar\u0131yla 30 il\u00e7e 622 mahallede S\u00fct Kuzusu Projemiz yeniden ba\u015flad\u0131. \u0130zmir\u2019de ikamet eden 2-5 ya\u015f aras\u0131 \u00e7ocuklar\u0131 i\u00e7in aileler ba\u015fvuru yapabilir. Vatanda\u015flar\u0131m\u0131z www.bizvariz.izmir.bel.tr internet sitesi \u00fczerinden online ba\u015fvuruda bulunabilir. Belirli kriterlere sahip aileler ilk da\u011f\u0131t\u0131m kapsam\u0131nda s\u00fctlerini \u015eubat ay\u0131 i\u00e7inde teslim alabilecek. \u0130zmir B\u00fcy\u00fck\u015fehir Belediyesi olarak S\u00fct Kuzusu Projesi\u2019yle k\u0131rsalda \u00fcreticileri desteklemeye devam edece\u011fiz. Ayn\u0131 zamanda \u0130zmirli \u00e7ocuklar\u0131m\u0131z\u0131n sa\u011fl\u0131kl\u0131 b\u00fcy\u00fcmesini hedefliyoruz. Son olarak da ailelerimizin b\u00fct\u00e7esine destek olmay\u0131 ama\u00e7l\u0131yoruz\u201d ifadelerini kulland\u0131.<br \/><\/p>\n","protected":false},"excerpt":{"rendered":"<p>\u0130zmir B\u00fcy\u00fck\u015fehir Belediyesinin y\u0131llard\u0131r s\u00fcrd\u00fcrd\u00fc\u011f\u00fc S\u00fct Kuzusu Projesi\u2019nde yeni d\u00f6nem ba\u015flad\u0131. \u00c7ocuklar\u0131n sa\u011fl\u0131kl\u0131 geli\u015fimine katk\u0131 sa\u011flamak ve ailelerin ekonomik y\u00fck\u00fcn\u00fc hafifletmek i\u00e7in hayata ge\u00e7irilen proje kapsam\u0131nda B\u00fcy\u00fck\u015fehir ekipleri 30 il\u00e7enin 622 mahallesinde da\u011f\u0131t\u0131ma \u00e7\u0131kt\u0131. \u0130zmir B\u00fcy\u00fck\u015fehir Belediyesi ile \u00f6zde\u015fle\u015fmi\u015f ve T\u00fcrkiye\u2019ye \u00f6rnek olarak y\u0131llard\u0131r s\u00fcrd\u00fcr\u00fclen S\u00fct Kuzusu Projesi\u2019nde yeni d\u00f6nem 27 Ocak\u2019ta ba\u015flad\u0131. \u2018S\u00fct \u0130\u00e7meyen&#8230;<\/p>\n","protected":false},"author":1,"featured_media":13310,"comment_status":"open","ping_status":"open","sticky":false,"template":"","format":"standard","meta":{"_crdt_document":"","footnotes":""},"categories":[1],"tags":[],"class_list":["post-13309","post","type-post","status-publish","format-standard","has-post-thumbnail","hentry","category-guncel"],"_links":{"self":[{"href":"https:\/\/www.egemtv.com\/index.php?rest_route=\/wp\/v2\/posts\/13309","targetHints":{"allow":["GET"]}}],"collection":[{"href":"https:\/\/www.egemtv.com\/index.php?rest_route=\/wp\/v2\/posts"}],"about":[{"href":"https:\/\/www.egemtv.com\/index.php?rest_route=\/wp\/v2\/types\/post"}],"author":[{"embeddable":true,"href":"https:\/\/www.egemtv.com\/index.php?rest_route=\/wp\/v2\/users\/1"}],"replies":[{"embeddable":true,"href":"https:\/\/www.egemtv.com\/index.php?rest_route=%2Fwp%2Fv2%2Fcomments&post=13309"}],"version-history":[{"count":1,"href":"https:\/\/www.egemtv.com\/index.php?rest_route=\/wp\/v2\/posts\/13309\/revisions"}],"predecessor-version":[{"id":13311,"href":"https:\/\/www.egemtv.com\/index.php?rest_route=\/wp\/v2\/posts\/13309\/revisions\/13311"}],"wp:featuredmedia":[{"embeddable":true,"href":"https:\/\/www.egemtv.com\/index.php?rest_route=\/wp\/v2\/media\/13310"}],"wp:attachment":[{"href":"https:\/\/www.egemtv.com\/index.php?rest_route=%2Fwp%2Fv2%2Fmedia&parent=13309"}],"wp:term":[{"taxonomy":"category","embeddable":true,"href":"https:\/\/www.egemtv.com\/index.php?rest_route=%2Fwp%2Fv2%2Fcategories&post=13309"},{"taxonomy":"post_tag","embeddable":true,"href":"https:\/\/www.egemtv.com\/index.php?rest_route=%2Fwp%2Fv2%2Ftags&post=13309"}],"curies":[{"name":"wp","href":"https:\/\/api.w.org\/{rel}","templated":true}]}}