{"id":13306,"date":"2025-01-29T09:55:36","date_gmt":"2025-01-29T06:55:36","guid":{"rendered":"https:\/\/www.egemtv.com\/?p=13306"},"modified":"2025-01-29T09:55:39","modified_gmt":"2025-01-29T06:55:39","slug":"efelerin-simgesi-turunclar-curumeye-terk-edildi","status":"publish","type":"post","link":"https:\/\/www.egemtv.com\/?p=13306","title":{"rendered":"Efeler\u2019in simgesi turun\u00e7lar \u00e7\u00fcr\u00fcmeye terk edildi"},"content":{"rendered":"<p>Ayd\u0131n\u2019\u0131n merkez il\u00e7esi Efeler\u2019in sembol\u00fc haline gelen ve bir zamanlar belediye ekiplerince toplan\u0131p re\u00e7ele d\u00f6n\u00fc\u015ft\u00fcr\u00fclerek milli servete katk\u0131 sa\u011flayan turun\u00e7lar, \u015fimdilerde \u00e7\u00fcr\u00fcmeye terk edildi. Yerlere d\u00f6k\u00fclen turun\u00e7lar\u0131 g\u00f6ren Efelerli vatanda\u015flar ise duruma tepki g\u00f6stererek meyvelerin ziyan oldu\u011funa dikkat \u00e7ekti.<\/p>\n<p>Ayd\u0131n\u2019\u0131n Efeler il\u00e7esinin hemen hemen her soka\u011f\u0131 ve caddesinde bulunan turun\u00e7 a\u011fa\u00e7lar\u0131n\u0131n meyveleri de\u011ferlendirilemiyor. A\u011fa\u00e7lar\u0131n ye\u015fil g\u00f6r\u00fcnt\u00fcs\u00fc a\u00e7\u0131s\u0131ndan \u015fehre ayr\u0131 bir hava katan ancak hasat d\u00f6nemi zaman\u0131nda turun\u00e7lar\u0131n ba\u015f\u0131nda kalmas\u0131 ise milli servetin yok olmas\u0131na neden oluyor. Zamanla b\u00fcy\u00fcy\u00fcp ve a\u011fa\u00e7 ba\u015f\u0131nda \u00e7\u00fcr\u00fcyen turun\u00e7lar daha sonra da a\u011fa\u00e7 dibine de d\u00f6k\u00fcl\u00fcp \u00e7evre kirlili\u011fine neden oluyor.<\/p>\n<p>Efeler Belediyesi\u2019nin kurulu\u015fundan bu yana toplanan ve re\u00e7el yap\u0131lan turun\u00e7lar\u0131n ziyan oldu\u011funu g\u00f6ren vatanda\u015flar ise yetkililere seslenerek \u00e7\u00f6z\u00fcm bulunmas\u0131n\u0131 istedi.<br \/><\/p>\n","protected":false},"excerpt":{"rendered":"<p>Ayd\u0131n\u2019\u0131n merkez il\u00e7esi Efeler\u2019in sembol\u00fc haline gelen ve bir zamanlar belediye ekiplerince toplan\u0131p re\u00e7ele d\u00f6n\u00fc\u015ft\u00fcr\u00fclerek milli servete katk\u0131 sa\u011flayan turun\u00e7lar, \u015fimdilerde \u00e7\u00fcr\u00fcmeye terk edildi. Yerlere d\u00f6k\u00fclen turun\u00e7lar\u0131 g\u00f6ren Efelerli vatanda\u015flar ise duruma tepki g\u00f6stererek meyvelerin ziyan oldu\u011funa dikkat \u00e7ekti. Ayd\u0131n\u2019\u0131n Efeler il\u00e7esinin hemen hemen her soka\u011f\u0131 ve caddesinde bulunan turun\u00e7 a\u011fa\u00e7lar\u0131n\u0131n meyveleri de\u011ferlendirilemiyor. A\u011fa\u00e7lar\u0131n ye\u015fil&#8230;<\/p>\n","protected":false},"author":1,"featured_media":13307,"comment_status":"open","ping_status":"open","sticky":false,"template":"","format":"standard","meta":{"_crdt_document":"","footnotes":""},"categories":[1],"tags":[],"class_list":["post-13306","post","type-post","status-publish","format-standard","has-post-thumbnail","hentry","category-guncel"],"_links":{"self":[{"href":"https:\/\/www.egemtv.com\/index.php?rest_route=\/wp\/v2\/posts\/13306","targetHints":{"allow":["GET"]}}],"collection":[{"href":"https:\/\/www.egemtv.com\/index.php?rest_route=\/wp\/v2\/posts"}],"about":[{"href":"https:\/\/www.egemtv.com\/index.php?rest_route=\/wp\/v2\/types\/post"}],"author":[{"embeddable":true,"href":"https:\/\/www.egemtv.com\/index.php?rest_route=\/wp\/v2\/users\/1"}],"replies":[{"embeddable":true,"href":"https:\/\/www.egemtv.com\/index.php?rest_route=%2Fwp%2Fv2%2Fcomments&post=13306"}],"version-history":[{"count":1,"href":"https:\/\/www.egemtv.com\/index.php?rest_route=\/wp\/v2\/posts\/13306\/revisions"}],"predecessor-version":[{"id":13308,"href":"https:\/\/www.egemtv.com\/index.php?rest_route=\/wp\/v2\/posts\/13306\/revisions\/13308"}],"wp:featuredmedia":[{"embeddable":true,"href":"https:\/\/www.egemtv.com\/index.php?rest_route=\/wp\/v2\/media\/13307"}],"wp:attachment":[{"href":"https:\/\/www.egemtv.com\/index.php?rest_route=%2Fwp%2Fv2%2Fmedia&parent=13306"}],"wp:term":[{"taxonomy":"category","embeddable":true,"href":"https:\/\/www.egemtv.com\/index.php?rest_route=%2Fwp%2Fv2%2Fcategories&post=13306"},{"taxonomy":"post_tag","embeddable":true,"href":"https:\/\/www.egemtv.com\/index.php?rest_route=%2Fwp%2Fv2%2Ftags&post=13306"}],"curies":[{"name":"wp","href":"https:\/\/api.w.org\/{rel}","templated":true}]}}