{"id":13303,"date":"2025-01-29T09:52:59","date_gmt":"2025-01-29T06:52:59","guid":{"rendered":"https:\/\/www.egemtv.com\/?p=13303"},"modified":"2025-01-29T09:53:01","modified_gmt":"2025-01-29T06:53:01","slug":"tavas-belediyesine-fransadan-kardes-kent","status":"publish","type":"post","link":"https:\/\/www.egemtv.com\/?p=13303","title":{"rendered":"Tavas Belediyesine Fransa\u2019dan karde\u015f kent"},"content":{"rendered":"<p>Tavas Belediye Ba\u015fkan\u0131 Kadir Tat\u0131k, Paris\u2019in g\u00fcneyindeki Crosne Belediye Ba\u015fkan\u0131 Michal Damiati\u2019ye ziyarette bulundu. Tavas Belediyesi ve Crosne Belediyesi aras\u0131nda karde\u015f kent protokol\u00fcn\u00fcn ilk ad\u0131mlar\u0131n\u0131n at\u0131ld\u0131\u011f\u0131 ziyarette iki il\u00e7e aras\u0131nda ticari, teknolojik, k\u00fclt\u00fcrel ve sanatsal alanlarda ba\u011flar\u0131 kuvvetlendirecek fikir al\u0131\u015fveri\u015finde bunuldu.<br \/>\n<br \/>Denizli Tavas  Belediye Ba\u015fkan\u0131 Kadir Tat\u0131k ve Fransa\u2019n\u0131n Ba\u015fkenti Paris\u2019in G\u00fcneyinde yer alan Crosne Belediye Ba\u015fkan\u0131 Michal Damiati aras\u0131nda karde\u015f kent protokol\u00fc i\u00e7in ilk ad\u0131mlar at\u0131ld\u0131. Crosne Belediye Ba\u015fkan\u0131 Michal Damiati\u2019ye Fransa\u2019da makam\u0131nda ziyaret eden Ba\u015fkan Tat\u0131k, iki \u015fehir aras\u0131nda k\u00fclt\u00fcrel, sosyal ve ekonomik i\u015f birli\u011fini g\u00fc\u00e7lendirecek projeler \u00fczerinde fikir al\u0131\u015fveri\u015finde bulundu. \u0130ki kent aras\u0131nda yap\u0131lacak olan protokol kapsam\u0131nda halk danslar\u0131 ekipleri ve \u00f6\u011frenciler i\u00e7in kar\u015f\u0131l\u0131kl\u0131 etkinliklerin d\u00fczenlenmesi hedefleniyor. Bu t\u00fcr etkinliklerin, her iki \u015fehrin halklar\u0131 aras\u0131nda k\u00fclt\u00fcrel etkile\u015fimi art\u0131rmas\u0131 ve dostluk ili\u015fkilerini g\u00fc\u00e7lendirmesi bekleniyor. Ayr\u0131ca, ekonomik alanda da ortak projeler geli\u015ftirilmesi ve i\u015fbirliklerinin art\u0131r\u0131lmas\u0131 planlan\u0131yor.<\/p>\n<p>Tavas\u2019\u0131n geli\u015fimine katk\u0131 sa\u011flamak ve yerel y\u00f6netimler aras\u0131nda i\u015f birli\u011fi f\u0131rsatlar\u0131n\u0131 de\u011ferlendirme\u011fi ama\u00e7lad\u0131klar\u0131n\u0131 belirten yapt\u0131\u011f\u0131 a\u00e7\u0131klamada Tavas Belediye Ba\u015fkan\u0131 Kadir Tat\u0131k; \u201cParis\u2019in g\u00fcneyindeki Crosne Belediyesi ile Tavas Belediyemiz aras\u0131nda karde\u015f kent protokol\u00fc i\u00e7in ilk ad\u0131mlar\u0131 att\u0131k. Belediye Ba\u015fkan\u0131 Sn. Michal Damiati ile ger\u00e7ekle\u015ftirdi\u011fimiz g\u00f6r\u00fc\u015fmelerde, iki \u015fehir aras\u0131nda k\u00fclt\u00fcrel, sosyal ve ekonomik i\u015f birli\u011fini g\u00fc\u00e7lendirecek projeler \u00fczerine fikir al\u0131\u015fveri\u015finde bulunduk. Crosne Belediyesi\u2019ne ve Belediye Ba\u015fkan\u0131 Michal Damiati\u2019ye misafirperverlikleri i\u00e7in te\u015fekk\u00fcr ediyorum\u201d ifadelerini kulland\u0131.<br \/><\/p>\n","protected":false},"excerpt":{"rendered":"<p>Tavas Belediye Ba\u015fkan\u0131 Kadir Tat\u0131k, Paris\u2019in g\u00fcneyindeki Crosne Belediye Ba\u015fkan\u0131 Michal Damiati\u2019ye ziyarette bulundu. Tavas Belediyesi ve Crosne Belediyesi aras\u0131nda karde\u015f kent protokol\u00fcn\u00fcn ilk ad\u0131mlar\u0131n\u0131n at\u0131ld\u0131\u011f\u0131 ziyarette iki il\u00e7e aras\u0131nda ticari, teknolojik, k\u00fclt\u00fcrel ve sanatsal alanlarda ba\u011flar\u0131 kuvvetlendirecek fikir al\u0131\u015fveri\u015finde bunuldu. Denizli Tavas Belediye Ba\u015fkan\u0131 Kadir Tat\u0131k ve Fransa\u2019n\u0131n Ba\u015fkenti Paris\u2019in G\u00fcneyinde yer alan Crosne&#8230;<\/p>\n","protected":false},"author":1,"featured_media":13304,"comment_status":"open","ping_status":"open","sticky":false,"template":"","format":"standard","meta":{"_crdt_document":"","footnotes":""},"categories":[127],"tags":[],"class_list":["post-13303","post","type-post","status-publish","format-standard","has-post-thumbnail","hentry","category-siyaset"],"_links":{"self":[{"href":"https:\/\/www.egemtv.com\/index.php?rest_route=\/wp\/v2\/posts\/13303","targetHints":{"allow":["GET"]}}],"collection":[{"href":"https:\/\/www.egemtv.com\/index.php?rest_route=\/wp\/v2\/posts"}],"about":[{"href":"https:\/\/www.egemtv.com\/index.php?rest_route=\/wp\/v2\/types\/post"}],"author":[{"embeddable":true,"href":"https:\/\/www.egemtv.com\/index.php?rest_route=\/wp\/v2\/users\/1"}],"replies":[{"embeddable":true,"href":"https:\/\/www.egemtv.com\/index.php?rest_route=%2Fwp%2Fv2%2Fcomments&post=13303"}],"version-history":[{"count":1,"href":"https:\/\/www.egemtv.com\/index.php?rest_route=\/wp\/v2\/posts\/13303\/revisions"}],"predecessor-version":[{"id":13305,"href":"https:\/\/www.egemtv.com\/index.php?rest_route=\/wp\/v2\/posts\/13303\/revisions\/13305"}],"wp:featuredmedia":[{"embeddable":true,"href":"https:\/\/www.egemtv.com\/index.php?rest_route=\/wp\/v2\/media\/13304"}],"wp:attachment":[{"href":"https:\/\/www.egemtv.com\/index.php?rest_route=%2Fwp%2Fv2%2Fmedia&parent=13303"}],"wp:term":[{"taxonomy":"category","embeddable":true,"href":"https:\/\/www.egemtv.com\/index.php?rest_route=%2Fwp%2Fv2%2Fcategories&post=13303"},{"taxonomy":"post_tag","embeddable":true,"href":"https:\/\/www.egemtv.com\/index.php?rest_route=%2Fwp%2Fv2%2Ftags&post=13303"}],"curies":[{"name":"wp","href":"https:\/\/api.w.org\/{rel}","templated":true}]}}