{"id":13300,"date":"2025-01-29T09:52:57","date_gmt":"2025-01-29T06:52:57","guid":{"rendered":"https:\/\/www.egemtv.com\/?p=13300"},"modified":"2025-01-29T09:52:58","modified_gmt":"2025-01-29T06:52:58","slug":"saruhanliya-50-yatakli-devlet-hastanesi-yapilacak","status":"publish","type":"post","link":"https:\/\/www.egemtv.com\/?p=13300","title":{"rendered":"Saruhanl\u0131\u2019ya 50 yatakl\u0131 devlet hastanesi yap\u0131lacak"},"content":{"rendered":"<p>Manisa\u2019n\u0131n Saruhanl\u0131 il\u00e7esinde Sa\u011fl\u0131k Bakanl\u0131\u011f\u0131 taraf\u0131ndan 13 bin 509 metrekare alanda in\u015fa edilecek olan 50 yatakl\u0131 devlet hastanesinin proje ihalesi onayland\u0131.<br \/>\n<br \/>AK Parti Manisa Milletvekili Murat Baybatur, Saruhanl\u0131 il\u00e7esi Cengiz Topel Mahallesinde yap\u0131lacak olan 50 yatakl\u0131 devlet hastanesinin proje ihalesinin yap\u0131ld\u0131\u011f\u0131n\u0131 ve 2025 y\u0131l\u0131 yat\u0131r\u0131m plan\u0131na al\u0131nd\u0131\u011f\u0131 bildirdi.<br \/>\n<br \/>AK Parti olarak g\u00f6reve geldikleri 2002 y\u0131l\u0131ndan buyana T\u00fcrkiye\u2019nin t\u00fcm illerine ve Manisa\u2019ya bir \u00e7ok alanda oldu\u011fu gibi sa\u011fl\u0131k yat\u0131r\u0131mlar\u0131nda da \u00e7ok hizmetler kazand\u0131r\u0131ld\u0131\u011f\u0131n\u0131 belirten Baybatur, \u201cSa\u011fl\u0131k yat\u0131r\u0131mlar\u0131m\u0131za bir yenisini 50 yatakl\u0131 devlet hastanemizle Saruhanl\u0131 il\u00e7emize ger\u00e7ekle\u015ftiriyoruz.\u201d dedi.<br \/>\n<br \/>Baybatur, yapt\u0131\u011f\u0131 a\u00e7\u0131klamada, \u201cAK Parti olarak g\u00f6reve geldi\u011fimiz 2002 y\u0131l\u0131ndan buyana \u00fclkemize ve Manisa\u2019m\u0131za bir \u00e7ok alanda oldu\u011fu gibi sa\u011fl\u0131k yat\u0131r\u0131mlar\u0131nda da \u00e7ok hizmetler kazand\u0131rd\u0131k. Manisa\u2019da \u015eehir Hastanesi, Merkezefendi Devlet Hastanesi, Turgutlu, Selendi, Demirci ve bir \u00e7ok il\u00e7emize hastaneler kazand\u0131rd\u0131k. Sa\u011fl\u0131k yat\u0131r\u0131mlar\u0131m\u0131za bir yenisini 50 yatakl\u0131 devlet hastanemizle Saruhanl\u0131 il\u00e7emize ger\u00e7ekle\u015ftiriyoruz. Sa\u011fl\u0131k Bakanl\u0131\u011f\u0131m\u0131z taraf\u0131ndan yap\u0131lan proje ihalesi yap\u0131lan Saruhanl\u0131 50 Yatakl\u0131 Devlet Hastanesi proje ihalesi tamamlanarak 2025 yat\u0131r\u0131m program\u0131na al\u0131nd\u0131. Saruhanl\u0131 50 Yatakl\u0131 Devlet Hastanemiz, 3 katl\u0131 ve i\u00e7erisinde 2 ameliyathane, 1 do\u011fumhane, yo\u011fun bak\u0131mlar, 18 poliklinikten olu\u015fmak \u00fczere toplam 13 bin 509 metrekare kapal\u0131 alana sahip olacak. \u00dclkemize, Manisa ve Saruhanl\u0131 il\u00e7emize hay\u0131rl\u0131 olmas\u0131n\u0131 diliyorum.\u201d ifadelerini kulland\u0131.<br \/><\/p>\n","protected":false},"excerpt":{"rendered":"<p>Manisa\u2019n\u0131n Saruhanl\u0131 il\u00e7esinde Sa\u011fl\u0131k Bakanl\u0131\u011f\u0131 taraf\u0131ndan 13 bin 509 metrekare alanda in\u015fa edilecek olan 50 yatakl\u0131 devlet hastanesinin proje ihalesi onayland\u0131. AK Parti Manisa Milletvekili Murat Baybatur, Saruhanl\u0131 il\u00e7esi Cengiz Topel Mahallesinde yap\u0131lacak olan 50 yatakl\u0131 devlet hastanesinin proje ihalesinin yap\u0131ld\u0131\u011f\u0131n\u0131 ve 2025 y\u0131l\u0131 yat\u0131r\u0131m plan\u0131na al\u0131nd\u0131\u011f\u0131 bildirdi. AK Parti olarak g\u00f6reve geldikleri 2002 y\u0131l\u0131ndan&#8230;<\/p>\n","protected":false},"author":1,"featured_media":13301,"comment_status":"open","ping_status":"open","sticky":false,"template":"","format":"standard","meta":{"_crdt_document":"","footnotes":""},"categories":[2],"tags":[],"class_list":["post-13300","post","type-post","status-publish","format-standard","has-post-thumbnail","hentry","category-saglik"],"_links":{"self":[{"href":"https:\/\/www.egemtv.com\/index.php?rest_route=\/wp\/v2\/posts\/13300","targetHints":{"allow":["GET"]}}],"collection":[{"href":"https:\/\/www.egemtv.com\/index.php?rest_route=\/wp\/v2\/posts"}],"about":[{"href":"https:\/\/www.egemtv.com\/index.php?rest_route=\/wp\/v2\/types\/post"}],"author":[{"embeddable":true,"href":"https:\/\/www.egemtv.com\/index.php?rest_route=\/wp\/v2\/users\/1"}],"replies":[{"embeddable":true,"href":"https:\/\/www.egemtv.com\/index.php?rest_route=%2Fwp%2Fv2%2Fcomments&post=13300"}],"version-history":[{"count":1,"href":"https:\/\/www.egemtv.com\/index.php?rest_route=\/wp\/v2\/posts\/13300\/revisions"}],"predecessor-version":[{"id":13302,"href":"https:\/\/www.egemtv.com\/index.php?rest_route=\/wp\/v2\/posts\/13300\/revisions\/13302"}],"wp:featuredmedia":[{"embeddable":true,"href":"https:\/\/www.egemtv.com\/index.php?rest_route=\/wp\/v2\/media\/13301"}],"wp:attachment":[{"href":"https:\/\/www.egemtv.com\/index.php?rest_route=%2Fwp%2Fv2%2Fmedia&parent=13300"}],"wp:term":[{"taxonomy":"category","embeddable":true,"href":"https:\/\/www.egemtv.com\/index.php?rest_route=%2Fwp%2Fv2%2Fcategories&post=13300"},{"taxonomy":"post_tag","embeddable":true,"href":"https:\/\/www.egemtv.com\/index.php?rest_route=%2Fwp%2Fv2%2Ftags&post=13300"}],"curies":[{"name":"wp","href":"https:\/\/api.w.org\/{rel}","templated":true}]}}