{"id":13270,"date":"2025-01-29T05:28:13","date_gmt":"2025-01-29T02:28:13","guid":{"rendered":"https:\/\/www.egemtv.com\/?p=13270"},"modified":"2025-01-29T05:28:16","modified_gmt":"2025-01-29T02:28:16","slug":"yanan-otomobilde-feci-sekilde-can-verdi","status":"publish","type":"post","link":"https:\/\/www.egemtv.com\/?p=13270","title":{"rendered":"Yanan otomobilde feci \u015fekilde can verdi"},"content":{"rendered":"<p>U\u015fak\u2019ta yol kenar\u0131nda bulunan ara\u00e7 bilinmeyen bir nedenle birden alev ald\u0131. S\u00f6nd\u00fcrme \u00e7al\u0131\u015fmalar\u0131n\u0131n ard\u0131ndan otomobil i\u00e7erisinde yanarak can vermi\u015f bir ki\u015fiye rastland\u0131.<br \/>\n<br \/>Edinilen bilgilere g\u00f6re, U\u015fak merkeze ba\u011fl\u0131 Atat\u00fcrk Mahallesi Fahri Korut\u00fcrk Caddesi\u2019nde hen\u00fcz sebebi belirlenemeyen nedenle plakas\u0131 belli olmayan bir otomobil yol kenar\u0131ndayken yanmaya ba\u015flad\u0131.<br \/>\n<br \/>Yoldan ge\u00e7en vatanda\u015flar\u0131n durumu 112 Acil \u00c7a\u011fr\u0131 Merkezi\u2019ne bildirmesi \u00fczerine olay yerine 112 sa\u011fl\u0131k, itfaiye ve polis ekipleri sevk edildi. \u0130tfaiye ekipleri s\u00f6nd\u00fcrme \u00e7al\u0131\u015fmas\u0131 sonras\u0131 ara\u00e7 i\u00e7erisinde kimli\u011fi belirsiz bir ki\u015fiye rastlad\u0131.<br \/>\n<br \/>Polis ekiplerince olay yerinde geni\u015f \u00e7apl\u0131 g\u00fcvenlik \u00f6nlemi al\u0131rken, olay yeri inceleme ekipleri yanan ara\u00e7ta \u00e7al\u0131\u015fma yaparak durumu inceledi. Otomobilin i\u00e7erisinde yanan cesedin kimli\u011fini tespit etmek i\u00e7in \u00e7al\u0131\u015fmalar ba\u015flat\u0131l\u0131rken polis olayla ilgili geni\u015f \u00e7apl\u0131 soru\u015fturma ba\u015flatt\u0131.<br \/>\n<br \/>Ara\u00e7 i\u00e7erisinden \u00e7\u0131kar\u0131lan yanm\u0131\u015f ceset kimlik tespiti i\u00e7in U\u015fak E\u011fitim ve Ara\u015ft\u0131rma Hastanesi morguna kald\u0131r\u0131ld\u0131.<\/p>\n","protected":false},"excerpt":{"rendered":"<p>U\u015fak\u2019ta yol kenar\u0131nda bulunan ara\u00e7 bilinmeyen bir nedenle birden alev ald\u0131. S\u00f6nd\u00fcrme \u00e7al\u0131\u015fmalar\u0131n\u0131n ard\u0131ndan otomobil i\u00e7erisinde yanarak can vermi\u015f bir ki\u015fiye rastland\u0131. Edinilen bilgilere g\u00f6re, U\u015fak merkeze ba\u011fl\u0131 Atat\u00fcrk Mahallesi Fahri Korut\u00fcrk Caddesi\u2019nde hen\u00fcz sebebi belirlenemeyen nedenle plakas\u0131 belli olmayan bir otomobil yol kenar\u0131ndayken yanmaya ba\u015flad\u0131. Yoldan ge\u00e7en vatanda\u015flar\u0131n durumu 112 Acil \u00c7a\u011fr\u0131 Merkezi\u2019ne bildirmesi&#8230;<\/p>\n","protected":false},"author":1,"featured_media":13271,"comment_status":"open","ping_status":"open","sticky":false,"template":"","format":"standard","meta":{"_crdt_document":"","footnotes":""},"categories":[5],"tags":[],"class_list":["post-13270","post","type-post","status-publish","format-standard","has-post-thumbnail","hentry","category-asayis"],"_links":{"self":[{"href":"https:\/\/www.egemtv.com\/index.php?rest_route=\/wp\/v2\/posts\/13270","targetHints":{"allow":["GET"]}}],"collection":[{"href":"https:\/\/www.egemtv.com\/index.php?rest_route=\/wp\/v2\/posts"}],"about":[{"href":"https:\/\/www.egemtv.com\/index.php?rest_route=\/wp\/v2\/types\/post"}],"author":[{"embeddable":true,"href":"https:\/\/www.egemtv.com\/index.php?rest_route=\/wp\/v2\/users\/1"}],"replies":[{"embeddable":true,"href":"https:\/\/www.egemtv.com\/index.php?rest_route=%2Fwp%2Fv2%2Fcomments&post=13270"}],"version-history":[{"count":1,"href":"https:\/\/www.egemtv.com\/index.php?rest_route=\/wp\/v2\/posts\/13270\/revisions"}],"predecessor-version":[{"id":13272,"href":"https:\/\/www.egemtv.com\/index.php?rest_route=\/wp\/v2\/posts\/13270\/revisions\/13272"}],"wp:featuredmedia":[{"embeddable":true,"href":"https:\/\/www.egemtv.com\/index.php?rest_route=\/wp\/v2\/media\/13271"}],"wp:attachment":[{"href":"https:\/\/www.egemtv.com\/index.php?rest_route=%2Fwp%2Fv2%2Fmedia&parent=13270"}],"wp:term":[{"taxonomy":"category","embeddable":true,"href":"https:\/\/www.egemtv.com\/index.php?rest_route=%2Fwp%2Fv2%2Fcategories&post=13270"},{"taxonomy":"post_tag","embeddable":true,"href":"https:\/\/www.egemtv.com\/index.php?rest_route=%2Fwp%2Fv2%2Ftags&post=13270"}],"curies":[{"name":"wp","href":"https:\/\/api.w.org\/{rel}","templated":true}]}}