{"id":13264,"date":"2025-01-28T23:34:05","date_gmt":"2025-01-28T20:34:05","guid":{"rendered":"https:\/\/www.egemtv.com\/?p=13264"},"modified":"2025-01-28T23:34:06","modified_gmt":"2025-01-28T20:34:06","slug":"kutahyada-acemi-soyguncular-kiskivrak-yakalandi","status":"publish","type":"post","link":"https:\/\/www.egemtv.com\/?p=13264","title":{"rendered":"K\u00fctahya\u2019da acemi soyguncular k\u0131sk\u0131vrak yakaland\u0131"},"content":{"rendered":"<p>K\u00fctahya\u2019da bir kuyumcudan kurus\u0131k\u0131 tabanca ile soygun giri\u015fiminde bulunan ve pani\u011fe kap\u0131larak ka\u00e7an 3 \u015f\u00fcpheli, polis taraf\u0131ndan k\u0131sa s\u00fcrede yakaland\u0131.<br \/>\n<br \/>Edinilen bilgiye g\u00f6re, bir kuyumcuya kurus\u0131k\u0131 tabanca ile giren 3 ki\u015fi, pani\u011fe kap\u0131larak alt\u0131nlar\u0131 \u00e7alamadan ka\u00e7t\u0131. Kar maskesi ve eldiven takarak soygunu ger\u00e7ekle\u015ftirmeye \u00e7al\u0131\u015fan M.F., M.E.A. ve H.\u015e., Asayi\u015f \u015eube M\u00fcd\u00fcrl\u00fc\u011f\u00fc ekiplerinin titiz \u00e7al\u0131\u015fmas\u0131yla k\u0131sa s\u00fcrede yakaland\u0131. G\u00f6zalt\u0131na al\u0131nan \u015f\u00fcpheliler adli mercilere sevk edildi. \u015eah\u0131slardan 2\u2019si adli kontrol \u015fart\u0131yla serbest b\u0131rak\u0131l\u0131rken, 1\u2019i tutuklanarak cezaevine g\u00f6nderildi.<br \/><\/p>\n","protected":false},"excerpt":{"rendered":"<p>K\u00fctahya\u2019da bir kuyumcudan kurus\u0131k\u0131 tabanca ile soygun giri\u015fiminde bulunan ve pani\u011fe kap\u0131larak ka\u00e7an 3 \u015f\u00fcpheli, polis taraf\u0131ndan k\u0131sa s\u00fcrede yakaland\u0131. Edinilen bilgiye g\u00f6re, bir kuyumcuya kurus\u0131k\u0131 tabanca ile giren 3 ki\u015fi, pani\u011fe kap\u0131larak alt\u0131nlar\u0131 \u00e7alamadan ka\u00e7t\u0131. Kar maskesi ve eldiven takarak soygunu ger\u00e7ekle\u015ftirmeye \u00e7al\u0131\u015fan M.F., M.E.A. ve H.\u015e., Asayi\u015f \u015eube M\u00fcd\u00fcrl\u00fc\u011f\u00fc ekiplerinin titiz \u00e7al\u0131\u015fmas\u0131yla k\u0131sa&#8230;<\/p>\n","protected":false},"author":1,"featured_media":13265,"comment_status":"open","ping_status":"open","sticky":false,"template":"","format":"standard","meta":{"_crdt_document":"","footnotes":""},"categories":[5],"tags":[],"class_list":["post-13264","post","type-post","status-publish","format-standard","has-post-thumbnail","hentry","category-asayis"],"_links":{"self":[{"href":"https:\/\/www.egemtv.com\/index.php?rest_route=\/wp\/v2\/posts\/13264","targetHints":{"allow":["GET"]}}],"collection":[{"href":"https:\/\/www.egemtv.com\/index.php?rest_route=\/wp\/v2\/posts"}],"about":[{"href":"https:\/\/www.egemtv.com\/index.php?rest_route=\/wp\/v2\/types\/post"}],"author":[{"embeddable":true,"href":"https:\/\/www.egemtv.com\/index.php?rest_route=\/wp\/v2\/users\/1"}],"replies":[{"embeddable":true,"href":"https:\/\/www.egemtv.com\/index.php?rest_route=%2Fwp%2Fv2%2Fcomments&post=13264"}],"version-history":[{"count":1,"href":"https:\/\/www.egemtv.com\/index.php?rest_route=\/wp\/v2\/posts\/13264\/revisions"}],"predecessor-version":[{"id":13266,"href":"https:\/\/www.egemtv.com\/index.php?rest_route=\/wp\/v2\/posts\/13264\/revisions\/13266"}],"wp:featuredmedia":[{"embeddable":true,"href":"https:\/\/www.egemtv.com\/index.php?rest_route=\/wp\/v2\/media\/13265"}],"wp:attachment":[{"href":"https:\/\/www.egemtv.com\/index.php?rest_route=%2Fwp%2Fv2%2Fmedia&parent=13264"}],"wp:term":[{"taxonomy":"category","embeddable":true,"href":"https:\/\/www.egemtv.com\/index.php?rest_route=%2Fwp%2Fv2%2Fcategories&post=13264"},{"taxonomy":"post_tag","embeddable":true,"href":"https:\/\/www.egemtv.com\/index.php?rest_route=%2Fwp%2Fv2%2Ftags&post=13264"}],"curies":[{"name":"wp","href":"https:\/\/api.w.org\/{rel}","templated":true}]}}