{"id":13261,"date":"2025-01-28T23:04:27","date_gmt":"2025-01-28T20:04:27","guid":{"rendered":"https:\/\/www.egemtv.com\/?p=13261"},"modified":"2025-01-28T23:04:29","modified_gmt":"2025-01-28T20:04:29","slug":"kutahyada-kuran-kursu-ogrencilerinden-gazzeye-destek","status":"publish","type":"post","link":"https:\/\/www.egemtv.com\/?p=13261","title":{"rendered":"K\u00fctahya\u2019da Kur\u2019an kursu \u00f6\u011frencilerinden Gazze\u2019ye destek"},"content":{"rendered":"<p>K\u00fctahya\u2019n\u0131n Demirci\u00f6ren k\u00f6y\u00fcnde e\u011fitim g\u00f6ren Kur\u2019an kursu \u00f6\u011frencileri, har\u00e7l\u0131klar\u0131n\u0131 Gazze\u2019deki \u00e7ocuklara g\u00f6nderdi. Toplanan ba\u011f\u0131\u015flar, Ribat \u0130nsani Yard\u0131m Derne\u011fi arac\u0131l\u0131\u011f\u0131yla Konya\u2019daki vak\u0131f merkezine g\u00f6nderilecek.<br \/>\n<br \/>Ribat \u0130nsani Yard\u0131m Derne\u011fi K\u00fctahya Temsilcisi Halil Kurt, yap\u0131lan ba\u011f\u0131\u015fla ilgili olarak, &#8220;Demirci\u00f6ren k\u00f6y\u00fc Abd\u00fclhamid Camii talebelerimiz, mazlum, yurdundan edilen, zulme u\u011frayan Gazzeli karde\u015flerimiz i\u00e7in kendi aralar\u0131nda para toplayarak bizlere emanetlerini teslim etti. Kendilerine \u00e7ok te\u015fekk\u00fcr ediyoruz, Allah raz\u0131 olsun. \u00c7ocuklar\u0131m\u0131z\u0131n bu duyarl\u0131l\u0131\u011f\u0131, \u00fcmmetin mazlum biyografyas\u0131n\u0131n sesi olacakt\u0131r in\u015fallah. Rabbim t\u00fcm M\u00fcsl\u00fcmanlarr\u0131 yar ve yard\u0131mc\u0131s\u0131 olsun. Bu yard\u0131m\u0131 derne\u011fimizin merkezi Konya\u2019ya g\u00f6nderece\u011fiz&#8221; dedi.<br \/>\n<br \/>Demirci\u00f6ren k\u00f6y\u00fc camisinin imam\u0131 Cihat Vaysal ise, &#8220;Kur\u2019an kursu \u00f6\u011frencilerimiz, Gazze\u2019deki karde\u015fleri i\u00e7in kendi har\u00e7l\u0131klar\u0131n\u0131 biriktirerek yard\u0131m toplad\u0131. Toplanan ba\u011f\u0131\u015flar\u0131 Ribat \u0130nsani Yard\u0131m Derne\u011fi\u2019ne teslim ettik. \u00c7ocuklar\u0131m\u0131z\u0131n bu duyarl\u0131 davran\u0131\u015f\u0131 i\u00e7in onlara te\u015fekk\u00fcr ederiz. Rabbim onlar\u0131 bir \u00f6m\u00fcr bu yoldan ay\u0131rmas\u0131n. Gazze\u2019deki karde\u015flerimize de en k\u0131sa zamanda kurtulu\u015f nasip etsin&#8221; diye konu\u015ftu.<br \/>\n<br \/>Yap\u0131lan yard\u0131mlar\u0131n Gazze\u2019deki \u00e7ocuklara umut olmas\u0131 temenni edilirken, \u00f6\u011frencilerin duyarl\u0131l\u0131\u011f\u0131 takdir toplad\u0131.<br \/><\/p>\n","protected":false},"excerpt":{"rendered":"<p>K\u00fctahya\u2019n\u0131n Demirci\u00f6ren k\u00f6y\u00fcnde e\u011fitim g\u00f6ren Kur\u2019an kursu \u00f6\u011frencileri, har\u00e7l\u0131klar\u0131n\u0131 Gazze\u2019deki \u00e7ocuklara g\u00f6nderdi. Toplanan ba\u011f\u0131\u015flar, Ribat \u0130nsani Yard\u0131m Derne\u011fi arac\u0131l\u0131\u011f\u0131yla Konya\u2019daki vak\u0131f merkezine g\u00f6nderilecek. Ribat \u0130nsani Yard\u0131m Derne\u011fi K\u00fctahya Temsilcisi Halil Kurt, yap\u0131lan ba\u011f\u0131\u015fla ilgili olarak, &#8220;Demirci\u00f6ren k\u00f6y\u00fc Abd\u00fclhamid Camii talebelerimiz, mazlum, yurdundan edilen, zulme u\u011frayan Gazzeli karde\u015flerimiz i\u00e7in kendi aralar\u0131nda para toplayarak bizlere emanetlerini teslim&#8230;<\/p>\n","protected":false},"author":1,"featured_media":13262,"comment_status":"open","ping_status":"open","sticky":false,"template":"","format":"standard","meta":{"_crdt_document":"","footnotes":""},"categories":[123],"tags":[],"class_list":["post-13261","post","type-post","status-publish","format-standard","has-post-thumbnail","hentry","category-gundem"],"_links":{"self":[{"href":"https:\/\/www.egemtv.com\/index.php?rest_route=\/wp\/v2\/posts\/13261","targetHints":{"allow":["GET"]}}],"collection":[{"href":"https:\/\/www.egemtv.com\/index.php?rest_route=\/wp\/v2\/posts"}],"about":[{"href":"https:\/\/www.egemtv.com\/index.php?rest_route=\/wp\/v2\/types\/post"}],"author":[{"embeddable":true,"href":"https:\/\/www.egemtv.com\/index.php?rest_route=\/wp\/v2\/users\/1"}],"replies":[{"embeddable":true,"href":"https:\/\/www.egemtv.com\/index.php?rest_route=%2Fwp%2Fv2%2Fcomments&post=13261"}],"version-history":[{"count":1,"href":"https:\/\/www.egemtv.com\/index.php?rest_route=\/wp\/v2\/posts\/13261\/revisions"}],"predecessor-version":[{"id":13263,"href":"https:\/\/www.egemtv.com\/index.php?rest_route=\/wp\/v2\/posts\/13261\/revisions\/13263"}],"wp:featuredmedia":[{"embeddable":true,"href":"https:\/\/www.egemtv.com\/index.php?rest_route=\/wp\/v2\/media\/13262"}],"wp:attachment":[{"href":"https:\/\/www.egemtv.com\/index.php?rest_route=%2Fwp%2Fv2%2Fmedia&parent=13261"}],"wp:term":[{"taxonomy":"category","embeddable":true,"href":"https:\/\/www.egemtv.com\/index.php?rest_route=%2Fwp%2Fv2%2Fcategories&post=13261"},{"taxonomy":"post_tag","embeddable":true,"href":"https:\/\/www.egemtv.com\/index.php?rest_route=%2Fwp%2Fv2%2Ftags&post=13261"}],"curies":[{"name":"wp","href":"https:\/\/api.w.org\/{rel}","templated":true}]}}