{"id":13228,"date":"2025-01-28T16:53:20","date_gmt":"2025-01-28T13:53:20","guid":{"rendered":"https:\/\/www.egemtv.com\/?p=13228"},"modified":"2025-01-28T16:53:23","modified_gmt":"2025-01-28T13:53:23","slug":"oludenizde-320-milyon-tllik-yatirim-basladi","status":"publish","type":"post","link":"https:\/\/www.egemtv.com\/?p=13228","title":{"rendered":"\u00d6l\u00fcdeniz\u2019de 320 Milyon TL\u2019lik yat\u0131r\u0131m ba\u015flad\u0131"},"content":{"rendered":"<p>Mu\u011fla B\u00fcy\u00fck\u015fehir Belediyesi, 13 il\u00e7ede y\u00fcr\u00fctt\u00fc\u011f\u00fc altyap\u0131 ve \u00fcstyap\u0131 \u00e7al\u0131\u015fmalar\u0131na devam ediyor. B\u00fcy\u00fck\u015fehir Belediyesi, Fethiye il\u00e7esi \u00d6l\u00fcdeniz Mahallesi Ovac\u0131k Mevkii Atat\u00fcrk Caddesi ile Kayak\u00f6y Mahallesi Hisar\u00f6n\u00fc-Kayak\u00f6y yollar\u0131n\u0131 kapsayan dev yol yat\u0131r\u0131m\u0131n\u0131 hayata ge\u00e7irdi. 320 milyonluk b\u00fct\u00e7eyle ger\u00e7ekle\u015ftirilen proje kapsam\u0131nda yol \u00e7al\u0131\u015fmalar\u0131 ba\u015flad\u0131.<br \/>\n<br \/>Dev yat\u0131r\u0131m\u0131n \u00e7al\u0131\u015fmalar\u0131 ba\u015flad\u0131<br \/>\n<br \/>\u00c7al\u0131\u015fmalar kapsam\u0131nda altyap\u0131 \u00e7al\u0131\u015fmalar\u0131 olarak 2 bin 200 metre uzunlu\u011funda i\u00e7me suyu hatt\u0131 d\u00f6\u015fenirken, bin 900 metre ana ya\u011fmur suyu hatt\u0131 in\u015fa edilecek. \u00dcstyap\u0131 \u00e7al\u0131\u015fmalar\u0131yla da 10 bin 225 metrekare perdahl\u0131 beton kald\u0131r\u0131m ve 15 bin metrekare granit kaplama kald\u0131r\u0131m yap\u0131lacak. B\u00fcy\u00fck\u015fehir Belediyesi taraf\u0131ndan, 12 bin metre bord\u00fcr d\u00f6\u015femesi yap\u0131larak 11 bin metrelik s\u0131cak asfalt yol \u00e7al\u0131\u015fmas\u0131 tamamlanacak. Ayr\u0131ca, yollar\u0131n g\u00fcvenli\u011fi i\u00e7in 6 bin 500 metre uzunlu\u011funda oto korkuluk montaj\u0131 ger\u00e7ekle\u015ftirilecek.<br \/>\n<br \/>Alternatif yollar belirlendi<br \/>\n<br \/>B\u00fcy\u00fck\u015fehir Belediyesi\u2019nin 320 Milyon TL\u2019lik \u00e7al\u0131\u015fmalar\u0131ndan sonra Fethiye\u2019de yollar\u0131n daha g\u00fcvenli, konforlu olmas\u0131, \u00e7evre d\u00fczenlemeleri ile de hem yerel halk\u0131n ihtiya\u00e7lar\u0131n\u0131 kar\u015f\u0131lamas\u0131 hem de turizme katk\u0131 sa\u011flamas\u0131 hedefleniyor. \u00d6l\u00fcdeniz Mahallesi Yol Yap\u0131m S\u0131cak Asfalt \u00c7al\u0131\u015fmalar\u0131 28 Ocak Sal\u0131 g\u00fcn\u00fc ba\u015flad\u0131. \u00c7al\u0131\u015fmalar boyunca \u00d6l\u00fcdeniz\u2019e gidi\u015f, Jandarma Kontrol Noktas\u0131na kadar tek y\u00f6n olarak sa\u011flanacak; d\u00f6n\u00fc\u015fler ise Kayak\u00f6y \u00fczerinden sa\u011flanacak.<br \/>\n<br \/>B\u00fcy\u00fck\u015fehir Belediyesi Yol Yap\u0131m Bak\u0131m ve Onar\u0131m Daire Ba\u015fkan\u0131 S\u00fcleyman Soydemir, \u201cMu\u011fla B\u00fcy\u00fck\u015fehir Belediye Ba\u015fkan\u0131m\u0131z Say\u0131n Ahmet Aras\u2019\u0131n \u2018G\u00fc\u00e7l\u00fc Kent Mu\u011fla\u2019 vizyonu do\u011frultusunda Fethiye il\u00e7esi \u00d6l\u00fcdeniz Mahallesinde 320 Milyon TL\u2019lik yat\u0131r\u0131m ile hayata ge\u00e7irece\u011fimiz yolda \u00e7al\u0131\u015fmalara ba\u015flad\u0131k. Bu kapsamda Oluklu mevki olarak tabir edilen Patlang\u0131c\u0131 \u00d6l\u00fcdeniz\u2019e ba\u011flayan 2 bin 600 metrelik yol aks\u0131nda vatanda\u015flar\u0131m\u0131z\u0131n ve \u00e7al\u0131\u015fma alan\u0131n\u0131n g\u00fcvenli\u011fini sa\u011flamak amac\u0131yla ula\u015f\u0131m\u0131 engellemeden tek y\u00f6n olarak \u00e7\u0131k\u0131\u015f verdik. Ovac\u0131k ve Kayak\u00f6y k\u0131sm\u0131nda ise herhangi bir kapatma \u00e7al\u0131\u015fmas\u0131 yapm\u0131yoruz. D\u00f6n\u00fc\u015fler Kayak\u00f6y \u00fczerinden Fethiye\u2019ye do\u011fru olacakt\u0131r. Yat\u0131r\u0131m\u0131m\u0131z\u0131n \u015fimdiden vatanda\u015flar\u0131m\u0131za hay\u0131rl\u0131 olmas\u0131n\u0131 diliyor, g\u00fcvenli ve keyifli bir ula\u015f\u0131m\u0131n par\u00e7as\u0131 olmas\u0131n\u0131 temenni ediyoruz\u201d dedi.<br \/>\n<br \/>K\u0131y\u0131 Ege Belediyeler Birli\u011fi ve Mu\u011fla B\u00fcy\u00fck\u015fehir Belediye Ba\u015fkan\u0131 Ahmet Aras, Fethiye il\u00e7esinde hayata ge\u00e7irecekleri kapsaml\u0131 \u00e7al\u0131\u015fmayla, yaln\u0131zca bug\u00fcn\u00fcn de\u011fil gelece\u011fin ihtiya\u00e7lar\u0131n\u0131 kar\u015f\u0131layacak uygun modern alt ve \u00fcstyap\u0131 \u00e7\u00f6z\u00fcmlerini de uygulayacaklar\u0131n\u0131 a\u00e7\u0131klad\u0131.<br \/><\/p>\n","protected":false},"excerpt":{"rendered":"<p>Mu\u011fla B\u00fcy\u00fck\u015fehir Belediyesi, 13 il\u00e7ede y\u00fcr\u00fctt\u00fc\u011f\u00fc altyap\u0131 ve \u00fcstyap\u0131 \u00e7al\u0131\u015fmalar\u0131na devam ediyor. B\u00fcy\u00fck\u015fehir Belediyesi, Fethiye il\u00e7esi \u00d6l\u00fcdeniz Mahallesi Ovac\u0131k Mevkii Atat\u00fcrk Caddesi ile Kayak\u00f6y Mahallesi Hisar\u00f6n\u00fc-Kayak\u00f6y yollar\u0131n\u0131 kapsayan dev yol yat\u0131r\u0131m\u0131n\u0131 hayata ge\u00e7irdi. 320 milyonluk b\u00fct\u00e7eyle ger\u00e7ekle\u015ftirilen proje kapsam\u0131nda yol \u00e7al\u0131\u015fmalar\u0131 ba\u015flad\u0131. Dev yat\u0131r\u0131m\u0131n \u00e7al\u0131\u015fmalar\u0131 ba\u015flad\u0131 \u00c7al\u0131\u015fmalar kapsam\u0131nda altyap\u0131 \u00e7al\u0131\u015fmalar\u0131 olarak 2 bin 200 metre&#8230;<\/p>\n","protected":false},"author":1,"featured_media":13229,"comment_status":"open","ping_status":"open","sticky":false,"template":"","format":"standard","meta":{"_crdt_document":"","footnotes":""},"categories":[1],"tags":[],"class_list":["post-13228","post","type-post","status-publish","format-standard","has-post-thumbnail","hentry","category-guncel"],"_links":{"self":[{"href":"https:\/\/www.egemtv.com\/index.php?rest_route=\/wp\/v2\/posts\/13228","targetHints":{"allow":["GET"]}}],"collection":[{"href":"https:\/\/www.egemtv.com\/index.php?rest_route=\/wp\/v2\/posts"}],"about":[{"href":"https:\/\/www.egemtv.com\/index.php?rest_route=\/wp\/v2\/types\/post"}],"author":[{"embeddable":true,"href":"https:\/\/www.egemtv.com\/index.php?rest_route=\/wp\/v2\/users\/1"}],"replies":[{"embeddable":true,"href":"https:\/\/www.egemtv.com\/index.php?rest_route=%2Fwp%2Fv2%2Fcomments&post=13228"}],"version-history":[{"count":1,"href":"https:\/\/www.egemtv.com\/index.php?rest_route=\/wp\/v2\/posts\/13228\/revisions"}],"predecessor-version":[{"id":13230,"href":"https:\/\/www.egemtv.com\/index.php?rest_route=\/wp\/v2\/posts\/13228\/revisions\/13230"}],"wp:featuredmedia":[{"embeddable":true,"href":"https:\/\/www.egemtv.com\/index.php?rest_route=\/wp\/v2\/media\/13229"}],"wp:attachment":[{"href":"https:\/\/www.egemtv.com\/index.php?rest_route=%2Fwp%2Fv2%2Fmedia&parent=13228"}],"wp:term":[{"taxonomy":"category","embeddable":true,"href":"https:\/\/www.egemtv.com\/index.php?rest_route=%2Fwp%2Fv2%2Fcategories&post=13228"},{"taxonomy":"post_tag","embeddable":true,"href":"https:\/\/www.egemtv.com\/index.php?rest_route=%2Fwp%2Fv2%2Ftags&post=13228"}],"curies":[{"name":"wp","href":"https:\/\/api.w.org\/{rel}","templated":true}]}}