{"id":13225,"date":"2025-01-28T16:51:35","date_gmt":"2025-01-28T13:51:35","guid":{"rendered":"https:\/\/www.egemtv.com\/?p=13225"},"modified":"2025-01-28T16:51:36","modified_gmt":"2025-01-28T13:51:36","slug":"izmirde-tamir-icin-ciktigi-catidan-dusen-kisi-oldu","status":"publish","type":"post","link":"https:\/\/www.egemtv.com\/?p=13225","title":{"rendered":"\u0130zmir\u2019de tamir i\u00e7in \u00e7\u0131kt\u0131\u011f\u0131 \u00e7at\u0131dan d\u00fc\u015fen ki\u015fi \u00f6ld\u00fc"},"content":{"rendered":"<p>\u0130zmir\u2019de 60 ya\u015f\u0131ndaki adam tamir i\u00e7in \u00e7\u0131kt\u0131\u011f\u0131 \u00e7at\u0131dan d\u00fc\u015ferek hayat\u0131n\u0131 kaybetti.<br \/>\n<br \/>Olay, Kar\u015f\u0131yaka il\u00e7esi Tar\u0131k Dursun Sokak\u2019ta meydana geldi. Al\u0131nan bilgilere g\u00f6re, Ya\u015far Bozkurt (60), 2 katl\u0131 bir binan\u0131n \u00e7at\u0131s\u0131n\u0131 tamir ederken dengesini kaybedip beton zemine d\u00fc\u015ft\u00fc. \u00c7evredeki vatanda\u015flar\u0131n ihbar\u0131 \u00fczerine polis ve sa\u011fl\u0131k ekipleri sevk edildi. Sa\u011fl\u0131k ekipleri, Bozkurt\u2019un olay yerinde hayat\u0131n\u0131 kaybetti\u011fini belirledi. Bozkurt\u2019un cenazesi polis ekiplerinin incelemesinin ard\u0131ndan \u0130zmir Adli T\u0131p Kurumu morguna kald\u0131r\u0131ld\u0131.<br \/><\/p>\n","protected":false},"excerpt":{"rendered":"<p>\u0130zmir\u2019de 60 ya\u015f\u0131ndaki adam tamir i\u00e7in \u00e7\u0131kt\u0131\u011f\u0131 \u00e7at\u0131dan d\u00fc\u015ferek hayat\u0131n\u0131 kaybetti. Olay, Kar\u015f\u0131yaka il\u00e7esi Tar\u0131k Dursun Sokak\u2019ta meydana geldi. Al\u0131nan bilgilere g\u00f6re, Ya\u015far Bozkurt (60), 2 katl\u0131 bir binan\u0131n \u00e7at\u0131s\u0131n\u0131 tamir ederken dengesini kaybedip beton zemine d\u00fc\u015ft\u00fc. \u00c7evredeki vatanda\u015flar\u0131n ihbar\u0131 \u00fczerine polis ve sa\u011fl\u0131k ekipleri sevk edildi. Sa\u011fl\u0131k ekipleri, Bozkurt\u2019un olay yerinde hayat\u0131n\u0131 kaybetti\u011fini belirledi&#8230;.<\/p>\n","protected":false},"author":1,"featured_media":13226,"comment_status":"open","ping_status":"open","sticky":false,"template":"","format":"standard","meta":{"_crdt_document":"","footnotes":""},"categories":[5],"tags":[],"class_list":["post-13225","post","type-post","status-publish","format-standard","has-post-thumbnail","hentry","category-asayis"],"_links":{"self":[{"href":"https:\/\/www.egemtv.com\/index.php?rest_route=\/wp\/v2\/posts\/13225","targetHints":{"allow":["GET"]}}],"collection":[{"href":"https:\/\/www.egemtv.com\/index.php?rest_route=\/wp\/v2\/posts"}],"about":[{"href":"https:\/\/www.egemtv.com\/index.php?rest_route=\/wp\/v2\/types\/post"}],"author":[{"embeddable":true,"href":"https:\/\/www.egemtv.com\/index.php?rest_route=\/wp\/v2\/users\/1"}],"replies":[{"embeddable":true,"href":"https:\/\/www.egemtv.com\/index.php?rest_route=%2Fwp%2Fv2%2Fcomments&post=13225"}],"version-history":[{"count":1,"href":"https:\/\/www.egemtv.com\/index.php?rest_route=\/wp\/v2\/posts\/13225\/revisions"}],"predecessor-version":[{"id":13227,"href":"https:\/\/www.egemtv.com\/index.php?rest_route=\/wp\/v2\/posts\/13225\/revisions\/13227"}],"wp:featuredmedia":[{"embeddable":true,"href":"https:\/\/www.egemtv.com\/index.php?rest_route=\/wp\/v2\/media\/13226"}],"wp:attachment":[{"href":"https:\/\/www.egemtv.com\/index.php?rest_route=%2Fwp%2Fv2%2Fmedia&parent=13225"}],"wp:term":[{"taxonomy":"category","embeddable":true,"href":"https:\/\/www.egemtv.com\/index.php?rest_route=%2Fwp%2Fv2%2Fcategories&post=13225"},{"taxonomy":"post_tag","embeddable":true,"href":"https:\/\/www.egemtv.com\/index.php?rest_route=%2Fwp%2Fv2%2Ftags&post=13225"}],"curies":[{"name":"wp","href":"https:\/\/api.w.org\/{rel}","templated":true}]}}