{"id":13192,"date":"2025-01-28T16:04:43","date_gmt":"2025-01-28T13:04:43","guid":{"rendered":"https:\/\/www.egemtv.com\/?p=13192"},"modified":"2025-01-28T16:04:45","modified_gmt":"2025-01-28T13:04:45","slug":"jandarma-yakalama-karari-bulunan-35-sahsi-yakaladi","status":"publish","type":"post","link":"https:\/\/www.egemtv.com\/?p=13192","title":{"rendered":"Jandarma yakalama karar\u0131 bulunan 35 \u015fahs\u0131 yakalad\u0131"},"content":{"rendered":"<p>Ayd\u0131n\u2019da jandarma ekipleri iki g\u00fcn boyunca yapt\u0131\u011f\u0131 \u00e7al\u0131\u015fmalarda hakk\u0131nda yakalama karar\u0131 bulunan 35 \u015fahs\u0131 yakalad\u0131.<br \/>\n<br \/>Ayd\u0131n \u0130l Jandarma Komutanl\u0131\u011f\u0131 JASAT Timleri ve \u0130l\u00e7e Jandarma Komutanlar\u0131 taraf\u0131ndan hakk\u0131nda yakalama karar\u0131 bulunan \u015fah\u0131slara y\u00f6nelik iki g\u00fcn boyunca icra edilen faaliyetlerde 35 \u015fah\u0131s yakaland\u0131. Yakalanan \u015fah\u0131slardan 0-2 y\u0131l aras\u0131 hapis cezas\u0131 ile aranmakta olan 11 \u015fah\u0131s, 2-5 y\u0131l aras\u0131 hapis cezas\u0131 ile aranmakta olan 12 \u015fah\u0131s, 5-10 y\u0131l aras\u0131 hapis cezas\u0131 ile aranmakta olan 4 \u015fah\u0131s, ifadeye y\u00f6nelik aranan 8 \u015fah\u0131s bulundu\u011fu \u00f6\u011frenildi. Yakalanan 35 \u015fah\u0131s aras\u0131nda, Uyu\u015fturucu su\u00e7undan 4, H\u0131rs\u0131zl\u0131k su\u00e7undan 3, Yaralama su\u00e7undan 4, Doland\u0131r\u0131c\u0131l\u0131k su\u00e7undan 1, di\u011fer su\u00e7lardan ise 23 \u015fah\u0131s bulunuyor.<br \/><\/p>\n","protected":false},"excerpt":{"rendered":"<p>Ayd\u0131n\u2019da jandarma ekipleri iki g\u00fcn boyunca yapt\u0131\u011f\u0131 \u00e7al\u0131\u015fmalarda hakk\u0131nda yakalama karar\u0131 bulunan 35 \u015fahs\u0131 yakalad\u0131. Ayd\u0131n \u0130l Jandarma Komutanl\u0131\u011f\u0131 JASAT Timleri ve \u0130l\u00e7e Jandarma Komutanlar\u0131 taraf\u0131ndan hakk\u0131nda yakalama karar\u0131 bulunan \u015fah\u0131slara y\u00f6nelik iki g\u00fcn boyunca icra edilen faaliyetlerde 35 \u015fah\u0131s yakaland\u0131. Yakalanan \u015fah\u0131slardan 0-2 y\u0131l aras\u0131 hapis cezas\u0131 ile aranmakta olan 11 \u015fah\u0131s, 2-5 y\u0131l&#8230;<\/p>\n","protected":false},"author":1,"featured_media":13193,"comment_status":"open","ping_status":"open","sticky":false,"template":"","format":"standard","meta":{"_crdt_document":"","footnotes":""},"categories":[5],"tags":[],"class_list":["post-13192","post","type-post","status-publish","format-standard","has-post-thumbnail","hentry","category-asayis"],"_links":{"self":[{"href":"https:\/\/www.egemtv.com\/index.php?rest_route=\/wp\/v2\/posts\/13192","targetHints":{"allow":["GET"]}}],"collection":[{"href":"https:\/\/www.egemtv.com\/index.php?rest_route=\/wp\/v2\/posts"}],"about":[{"href":"https:\/\/www.egemtv.com\/index.php?rest_route=\/wp\/v2\/types\/post"}],"author":[{"embeddable":true,"href":"https:\/\/www.egemtv.com\/index.php?rest_route=\/wp\/v2\/users\/1"}],"replies":[{"embeddable":true,"href":"https:\/\/www.egemtv.com\/index.php?rest_route=%2Fwp%2Fv2%2Fcomments&post=13192"}],"version-history":[{"count":1,"href":"https:\/\/www.egemtv.com\/index.php?rest_route=\/wp\/v2\/posts\/13192\/revisions"}],"predecessor-version":[{"id":13194,"href":"https:\/\/www.egemtv.com\/index.php?rest_route=\/wp\/v2\/posts\/13192\/revisions\/13194"}],"wp:featuredmedia":[{"embeddable":true,"href":"https:\/\/www.egemtv.com\/index.php?rest_route=\/wp\/v2\/media\/13193"}],"wp:attachment":[{"href":"https:\/\/www.egemtv.com\/index.php?rest_route=%2Fwp%2Fv2%2Fmedia&parent=13192"}],"wp:term":[{"taxonomy":"category","embeddable":true,"href":"https:\/\/www.egemtv.com\/index.php?rest_route=%2Fwp%2Fv2%2Fcategories&post=13192"},{"taxonomy":"post_tag","embeddable":true,"href":"https:\/\/www.egemtv.com\/index.php?rest_route=%2Fwp%2Fv2%2Ftags&post=13192"}],"curies":[{"name":"wp","href":"https:\/\/api.w.org\/{rel}","templated":true}]}}