{"id":13189,"date":"2025-01-28T16:04:41","date_gmt":"2025-01-28T13:04:41","guid":{"rendered":"https:\/\/www.egemtv.com\/?p=13189"},"modified":"2025-01-28T16:04:43","modified_gmt":"2025-01-28T13:04:43","slug":"aydin-moda-fuarini-190-bin-vatandas-ziyaret-etti","status":"publish","type":"post","link":"https:\/\/www.egemtv.com\/?p=13189","title":{"rendered":"Ayd\u0131n Moda Fuar\u0131\u2019n\u0131 190 bin vatanda\u015f ziyaret etti"},"content":{"rendered":"<p>Ayd\u0131n B\u00fcy\u00fck\u015fehir Belediyesi Ba\u015fkan\u0131 \u00d6zlem \u00c7er\u00e7io\u011flu taraf\u0131ndan restorasyonu ger\u00e7ekle\u015ftirilen tarihi binada a\u00e7\u0131l\u0131\u015f\u0131 yap\u0131lan Fuar Ayd\u0131n T\u00fcrkiye\u2019nin en b\u00fcy\u00fck fuarlar\u0131ndan Moda Fuar\u0131\u2019na ev sahipli\u011fi yaparken, fuar\u0131 190 binden fazla vatanda\u015f ziyaret etti.<\/p>\n<p>22-26 Ocak tarihleri aras\u0131nda ger\u00e7ekle\u015ftirilen Moda Fuar\u0131\u2019n\u0131 Ayd\u0131n\u2019\u0131n yan\u0131 s\u0131ra \u00e7evre illerden de gelen 190 binden fazla vatanda\u015f ziyaret etti. Renkli g\u00f6r\u00fcnt\u00fclere sahne olan fuara, Ayd\u0131n\u2019\u0131n da aralar\u0131nda bulundu\u011fu farkl\u0131 \u015fehirlerden moda devi firmalar kat\u0131l\u0131m sa\u011flad\u0131. Fuar Ayd\u0131n\u2019\u0131 ziyaret eden vatanda\u015flar, etkinli\u011fi kendileri ile bulu\u015fturan Ba\u015fkan \u00c7er\u00e7io\u011flu\u2019na te\u015fekk\u00fcr etti.<\/p>\n<p>Fuar Ayd\u0131n alan\u0131n\u0131 ve Moda Fuar\u0131\u2019n\u0131 \u00e7ok be\u011fendi\u011fini belirten Ceylin Boyraz, \u201cBug\u00fcn fuara geldik. \u00c7ok g\u00fczel \u015feyler oldu\u011funu g\u00f6r\u00fcyoruz \u00e7\u00fcnk\u00fc Ayd\u0131n\u2019\u0131n b\u00f6yle bir yere ihtiyac\u0131 vard\u0131. Ayd\u0131n halk\u0131n\u0131n bir araya toplanmas\u0131, b\u00f6yle bir fuar olmas\u0131 \u00e7ok g\u00fczel oldu. Erkek, kad\u0131n fark etmeksizin her \u015fey var. \u00d6zlem \u00c7er\u00e7io\u011flu ba\u015fkan\u0131m\u0131za \u00e7ok te\u015fekk\u00fcr ediyorum, Ayd\u0131n halk\u0131n\u0131n buna \u00e7ok ihtiyac\u0131 vard\u0131, \u00e7ok te\u015fekk\u00fcrler\u201d diye konu\u015ftu.<\/p>\n<p>Moda Fuar\u0131 gibi etkinliklerin Ayd\u0131n\u2019da yap\u0131lmas\u0131ndan dolay\u0131 memnuniyet duydu\u011funu ifade eden Ay\u015fe \u00c7atal, \u201cFuar\u0131n burada olmas\u0131 hem fiyatlar hem \u00e7e\u015fitlilik a\u00e7\u0131s\u0131ndan bizi tatmin etti. \u0130nsanlar\u0131n bu t\u00fcr etkinlikleri takip etmesi, bu t\u00fcr etkinliklerin i\u00e7erisinde olmas\u0131 gayet iyi. Fuarda bak\u0131\u015f a\u00e7\u0131s\u0131n\u0131 geni\u015fletmesi, etkinlikleri takip etmesi \u00e7ok iyi. \u00d6zlem \u00c7er\u00e7io\u011flu\u2019na te\u015fekk\u00fcr ediyoruz\u201d dedi.<\/p>\n<p>Ailesi ile birlikte Ku\u015fadas\u0131\u2019ndan Moda Fuar\u0131 i\u00e7in Fuar Ayd\u0131n\u2019a geldiklerini belirten Ali K\u0131l\u0131n\u00e7, \u201cB\u00fcy\u00fck\u015fehir Belediyesi g\u00fczel \u015feyler yapmaya devam ediyor. Alan g\u00fczel, insanlar da baya\u011f\u0131 bir ilgili. B\u00fcy\u00fck\u015fehir olunca n\u00fcfus b\u00fcy\u00fcyor, insanlar\u0131n beklentisi de y\u00fckseliyor ayn\u0131 zamanda. Tabii bu beklentiyi kar\u015f\u0131lamak i\u00e7in de ama sosyolojik olarak ama k\u00fclt\u00fcrel olarak ama insanlar\u0131m\u0131z\u0131n, halk\u0131m\u0131z\u0131n beklentisi olarak bunlar\u0131 kar\u015f\u0131lamak g\u00fczel, B\u00fcy\u00fck\u015fehir Belediyesinin de bunda katk\u0131s\u0131 y\u00fcksek. B\u00fcy\u00fck\u015fehir Belediye Ba\u015fkan\u0131m\u0131z \u00d6zlem \u00c7er\u00e7io\u011flu\u2019na sonsuz te\u015fekk\u00fcr ederiz\u201d ifadelerini kulland\u0131.<br \/><\/p>\n","protected":false},"excerpt":{"rendered":"<p>Ayd\u0131n B\u00fcy\u00fck\u015fehir Belediyesi Ba\u015fkan\u0131 \u00d6zlem \u00c7er\u00e7io\u011flu taraf\u0131ndan restorasyonu ger\u00e7ekle\u015ftirilen tarihi binada a\u00e7\u0131l\u0131\u015f\u0131 yap\u0131lan Fuar Ayd\u0131n T\u00fcrkiye\u2019nin en b\u00fcy\u00fck fuarlar\u0131ndan Moda Fuar\u0131\u2019na ev sahipli\u011fi yaparken, fuar\u0131 190 binden fazla vatanda\u015f ziyaret etti. 22-26 Ocak tarihleri aras\u0131nda ger\u00e7ekle\u015ftirilen Moda Fuar\u0131\u2019n\u0131 Ayd\u0131n\u2019\u0131n yan\u0131 s\u0131ra \u00e7evre illerden de gelen 190 binden fazla vatanda\u015f ziyaret etti. Renkli g\u00f6r\u00fcnt\u00fclere sahne olan&#8230;<\/p>\n","protected":false},"author":1,"featured_media":13190,"comment_status":"open","ping_status":"open","sticky":false,"template":"","format":"standard","meta":{"_crdt_document":"","footnotes":""},"categories":[125],"tags":[],"class_list":["post-13189","post","type-post","status-publish","format-standard","has-post-thumbnail","hentry","category-ekonomi"],"_links":{"self":[{"href":"https:\/\/www.egemtv.com\/index.php?rest_route=\/wp\/v2\/posts\/13189","targetHints":{"allow":["GET"]}}],"collection":[{"href":"https:\/\/www.egemtv.com\/index.php?rest_route=\/wp\/v2\/posts"}],"about":[{"href":"https:\/\/www.egemtv.com\/index.php?rest_route=\/wp\/v2\/types\/post"}],"author":[{"embeddable":true,"href":"https:\/\/www.egemtv.com\/index.php?rest_route=\/wp\/v2\/users\/1"}],"replies":[{"embeddable":true,"href":"https:\/\/www.egemtv.com\/index.php?rest_route=%2Fwp%2Fv2%2Fcomments&post=13189"}],"version-history":[{"count":1,"href":"https:\/\/www.egemtv.com\/index.php?rest_route=\/wp\/v2\/posts\/13189\/revisions"}],"predecessor-version":[{"id":13191,"href":"https:\/\/www.egemtv.com\/index.php?rest_route=\/wp\/v2\/posts\/13189\/revisions\/13191"}],"wp:featuredmedia":[{"embeddable":true,"href":"https:\/\/www.egemtv.com\/index.php?rest_route=\/wp\/v2\/media\/13190"}],"wp:attachment":[{"href":"https:\/\/www.egemtv.com\/index.php?rest_route=%2Fwp%2Fv2%2Fmedia&parent=13189"}],"wp:term":[{"taxonomy":"category","embeddable":true,"href":"https:\/\/www.egemtv.com\/index.php?rest_route=%2Fwp%2Fv2%2Fcategories&post=13189"},{"taxonomy":"post_tag","embeddable":true,"href":"https:\/\/www.egemtv.com\/index.php?rest_route=%2Fwp%2Fv2%2Ftags&post=13189"}],"curies":[{"name":"wp","href":"https:\/\/api.w.org\/{rel}","templated":true}]}}