{"id":13186,"date":"2025-01-28T16:04:39","date_gmt":"2025-01-28T13:04:39","guid":{"rendered":"https:\/\/www.egemtv.com\/?p=13186"},"modified":"2025-01-28T16:04:41","modified_gmt":"2025-01-28T13:04:41","slug":"durdurulan-aracta-550-litre-faturasiz-nar-eksisi-ele-gecirildi","status":"publish","type":"post","link":"https:\/\/www.egemtv.com\/?p=13186","title":{"rendered":"Durdurulan ara\u00e7ta 550 litre faturas\u0131z nar ek\u015fisi ele ge\u00e7irildi"},"content":{"rendered":"<p>Ayd\u0131n \u0130zmir Otoyolu Germencik gi\u015felerinde durdurulan bir ara\u00e7 i\u00e7erisinde faturas\u0131z 550 litre nar ek\u015fisi ele ge\u00e7irildi.<\/p>\n<p>Ayd\u0131n \u0130l Jandarma Komutanl\u0131\u011f\u0131 KOM \u015eube M\u00fcd\u00fcrl\u00fc\u011f\u00fc koordinesinde H\u0131d\u0131rbeyli Otoyol Jandarma Karakol Komutanl\u0131\u011f\u0131 ve Germencik \u0130l\u00e7e Tar\u0131m M\u00fcd\u00fcrl\u00fc\u011f\u00fc ekiplerince  \u201cS\u0131nai M\u00fclkiyet Kanuna Muhalefet\u201d su\u00e7una y\u00f6nelik \u00e7al\u0131\u015fma ger\u00e7ekle\u015ftirildi. Yap\u0131lan \u00e7al\u0131\u015fmalar kapsam\u0131nda Ayd\u0131n-\u0130zmir Otoyolu Germencik gi\u015felerinde durdurulan bir ara\u00e7 i\u00e7erisinde yap\u0131lan aramada etiketsiz ve faturas\u0131z 550 litre nar ek\u015fisi ele ge\u00e7irildi. \u0130l\u00e7e Tar\u0131m ve Orman M\u00fcd\u00fcrl\u00fc\u011f\u00fc ve Maliye Bakanl\u0131\u011f\u0131 ekiplerince \u015f\u00fcpheli \u015fahsa cezai i\u015flem uygulan\u0131rken konuyla ilgili ba\u015flat\u0131lan adli ve idari s\u00fcre\u00e7 devam ediyor.<br \/><\/p>\n","protected":false},"excerpt":{"rendered":"<p>Ayd\u0131n \u0130zmir Otoyolu Germencik gi\u015felerinde durdurulan bir ara\u00e7 i\u00e7erisinde faturas\u0131z 550 litre nar ek\u015fisi ele ge\u00e7irildi. Ayd\u0131n \u0130l Jandarma Komutanl\u0131\u011f\u0131 KOM \u015eube M\u00fcd\u00fcrl\u00fc\u011f\u00fc koordinesinde H\u0131d\u0131rbeyli Otoyol Jandarma Karakol Komutanl\u0131\u011f\u0131 ve Germencik \u0130l\u00e7e Tar\u0131m M\u00fcd\u00fcrl\u00fc\u011f\u00fc ekiplerince \u201cS\u0131nai M\u00fclkiyet Kanuna Muhalefet\u201d su\u00e7una y\u00f6nelik \u00e7al\u0131\u015fma ger\u00e7ekle\u015ftirildi. Yap\u0131lan \u00e7al\u0131\u015fmalar kapsam\u0131nda Ayd\u0131n-\u0130zmir Otoyolu Germencik gi\u015felerinde durdurulan bir ara\u00e7 i\u00e7erisinde yap\u0131lan&#8230;<\/p>\n","protected":false},"author":1,"featured_media":13187,"comment_status":"open","ping_status":"open","sticky":false,"template":"","format":"standard","meta":{"_crdt_document":"","footnotes":""},"categories":[5],"tags":[],"class_list":["post-13186","post","type-post","status-publish","format-standard","has-post-thumbnail","hentry","category-asayis"],"_links":{"self":[{"href":"https:\/\/www.egemtv.com\/index.php?rest_route=\/wp\/v2\/posts\/13186","targetHints":{"allow":["GET"]}}],"collection":[{"href":"https:\/\/www.egemtv.com\/index.php?rest_route=\/wp\/v2\/posts"}],"about":[{"href":"https:\/\/www.egemtv.com\/index.php?rest_route=\/wp\/v2\/types\/post"}],"author":[{"embeddable":true,"href":"https:\/\/www.egemtv.com\/index.php?rest_route=\/wp\/v2\/users\/1"}],"replies":[{"embeddable":true,"href":"https:\/\/www.egemtv.com\/index.php?rest_route=%2Fwp%2Fv2%2Fcomments&post=13186"}],"version-history":[{"count":1,"href":"https:\/\/www.egemtv.com\/index.php?rest_route=\/wp\/v2\/posts\/13186\/revisions"}],"predecessor-version":[{"id":13188,"href":"https:\/\/www.egemtv.com\/index.php?rest_route=\/wp\/v2\/posts\/13186\/revisions\/13188"}],"wp:featuredmedia":[{"embeddable":true,"href":"https:\/\/www.egemtv.com\/index.php?rest_route=\/wp\/v2\/media\/13187"}],"wp:attachment":[{"href":"https:\/\/www.egemtv.com\/index.php?rest_route=%2Fwp%2Fv2%2Fmedia&parent=13186"}],"wp:term":[{"taxonomy":"category","embeddable":true,"href":"https:\/\/www.egemtv.com\/index.php?rest_route=%2Fwp%2Fv2%2Fcategories&post=13186"},{"taxonomy":"post_tag","embeddable":true,"href":"https:\/\/www.egemtv.com\/index.php?rest_route=%2Fwp%2Fv2%2Ftags&post=13186"}],"curies":[{"name":"wp","href":"https:\/\/api.w.org\/{rel}","templated":true}]}}