{"id":13183,"date":"2025-01-28T15:52:24","date_gmt":"2025-01-28T12:52:24","guid":{"rendered":"https:\/\/www.egemtv.com\/?p=13183"},"modified":"2025-01-28T15:52:26","modified_gmt":"2025-01-28T12:52:26","slug":"orman-koyluleri-yanginlara-karsi-bilgilendiriliyor","status":"publish","type":"post","link":"https:\/\/www.egemtv.com\/?p=13183","title":{"rendered":"Orman k\u00f6yl\u00fcleri yang\u0131nlara kar\u015f\u0131 bilgilendiriliyor"},"content":{"rendered":"<p>Mu\u011fla Orman B\u00f6lge M\u00fcd\u00fcrl\u00fc\u011f\u00fc, orman yang\u0131nlar\u0131yla m\u00fccadele ve ormanc\u0131l\u0131k faaliyetleri konusunda fark\u0131ndal\u0131k art\u0131rmaya y\u00f6nelik bilgilendirme toplant\u0131lar\u0131na devam ediyor.<\/p>\n<p>Bu kapsamda Y\u0131lanl\u0131 Orman \u0130\u015fletme M\u00fcd\u00fcrl\u00fc\u011f\u00fc taraf\u0131ndan d\u00fczenlenen toplant\u0131larda, G\u00f6ktepe Orman \u0130\u015fletme \u015eefi Sezai Bozda\u011f Sungur Mahallesi\u2019nde, Muratlar Orman \u0130\u015fletme \u015eefi Yusuf Av\u015far ise Muratlar Mahallesi\u2019nde k\u00f6yl\u00fclerle bir araya geldi.<\/p>\n<p>Toplant\u0131larda, b\u00f6lgedeki ormanc\u0131l\u0131k faaliyetleri, orman yang\u0131nlar\u0131na kar\u015f\u0131 al\u0131nabilecek \u00f6nlemler ve ormanlar\u0131n korunmas\u0131 i\u00e7in dikkat edilmesi gereken konular ele al\u0131nd\u0131. Uzmanlar, yang\u0131n \u00f6ncesi, s\u0131ras\u0131 ve sonras\u0131nda yap\u0131lmas\u0131 gerekenleri ayr\u0131nt\u0131l\u0131 \u015fekilde aktararak, k\u00f6yl\u00fclerin bu konuda bilin\u00e7lenmesini sa\u011flad\u0131.<\/p>\n<p>Yetkililer, orman yang\u0131nlar\u0131n\u0131n b\u00fcy\u00fck bir k\u0131sm\u0131n\u0131n insan kaynakl\u0131 oldu\u011funu belirterek, bu t\u00fcr bilgilendirme toplant\u0131lar\u0131n\u0131n orman k\u00f6ylerinde d\u00fczenli olarak yap\u0131lmaya devam edece\u011fini ifade etti.<\/p>\n<p>K\u00f6yl\u00fcler ise toplant\u0131larda edindikleri bilgilerin kendileri i\u00e7in \u00e7ok faydal\u0131 oldu\u011funu belirterek, ormanlar\u0131n korunmas\u0131 i\u00e7in \u00fczerlerine d\u00fc\u015fen sorumluluklar\u0131 yerine getirme konusunda kararl\u0131 olduklar\u0131n\u0131 dile getirdiler.<br \/><\/p>\n","protected":false},"excerpt":{"rendered":"<p>Mu\u011fla Orman B\u00f6lge M\u00fcd\u00fcrl\u00fc\u011f\u00fc, orman yang\u0131nlar\u0131yla m\u00fccadele ve ormanc\u0131l\u0131k faaliyetleri konusunda fark\u0131ndal\u0131k art\u0131rmaya y\u00f6nelik bilgilendirme toplant\u0131lar\u0131na devam ediyor. Bu kapsamda Y\u0131lanl\u0131 Orman \u0130\u015fletme M\u00fcd\u00fcrl\u00fc\u011f\u00fc taraf\u0131ndan d\u00fczenlenen toplant\u0131larda, G\u00f6ktepe Orman \u0130\u015fletme \u015eefi Sezai Bozda\u011f Sungur Mahallesi\u2019nde, Muratlar Orman \u0130\u015fletme \u015eefi Yusuf Av\u015far ise Muratlar Mahallesi\u2019nde k\u00f6yl\u00fclerle bir araya geldi. Toplant\u0131larda, b\u00f6lgedeki ormanc\u0131l\u0131k faaliyetleri, orman yang\u0131nlar\u0131na kar\u015f\u0131&#8230;<\/p>\n","protected":false},"author":1,"featured_media":13184,"comment_status":"open","ping_status":"open","sticky":false,"template":"","format":"standard","meta":{"_crdt_document":"","footnotes":""},"categories":[1],"tags":[],"class_list":["post-13183","post","type-post","status-publish","format-standard","has-post-thumbnail","hentry","category-guncel"],"_links":{"self":[{"href":"https:\/\/www.egemtv.com\/index.php?rest_route=\/wp\/v2\/posts\/13183","targetHints":{"allow":["GET"]}}],"collection":[{"href":"https:\/\/www.egemtv.com\/index.php?rest_route=\/wp\/v2\/posts"}],"about":[{"href":"https:\/\/www.egemtv.com\/index.php?rest_route=\/wp\/v2\/types\/post"}],"author":[{"embeddable":true,"href":"https:\/\/www.egemtv.com\/index.php?rest_route=\/wp\/v2\/users\/1"}],"replies":[{"embeddable":true,"href":"https:\/\/www.egemtv.com\/index.php?rest_route=%2Fwp%2Fv2%2Fcomments&post=13183"}],"version-history":[{"count":1,"href":"https:\/\/www.egemtv.com\/index.php?rest_route=\/wp\/v2\/posts\/13183\/revisions"}],"predecessor-version":[{"id":13185,"href":"https:\/\/www.egemtv.com\/index.php?rest_route=\/wp\/v2\/posts\/13183\/revisions\/13185"}],"wp:featuredmedia":[{"embeddable":true,"href":"https:\/\/www.egemtv.com\/index.php?rest_route=\/wp\/v2\/media\/13184"}],"wp:attachment":[{"href":"https:\/\/www.egemtv.com\/index.php?rest_route=%2Fwp%2Fv2%2Fmedia&parent=13183"}],"wp:term":[{"taxonomy":"category","embeddable":true,"href":"https:\/\/www.egemtv.com\/index.php?rest_route=%2Fwp%2Fv2%2Fcategories&post=13183"},{"taxonomy":"post_tag","embeddable":true,"href":"https:\/\/www.egemtv.com\/index.php?rest_route=%2Fwp%2Fv2%2Ftags&post=13183"}],"curies":[{"name":"wp","href":"https:\/\/api.w.org\/{rel}","templated":true}]}}