{"id":13180,"date":"2025-01-28T15:52:22","date_gmt":"2025-01-28T12:52:22","guid":{"rendered":"https:\/\/www.egemtv.com\/?p=13180"},"modified":"2025-01-28T15:52:24","modified_gmt":"2025-01-28T12:52:24","slug":"kusadasinin-ilk-tenis-kulubu-kapilarini-acti","status":"publish","type":"post","link":"https:\/\/www.egemtv.com\/?p=13180","title":{"rendered":"Ku\u015fadas\u0131\u2019n\u0131n ilk tenis kul\u00fcb\u00fc kap\u0131lar\u0131n\u0131 a\u00e7t\u0131"},"content":{"rendered":"<p>Ku\u015fadas\u0131 Belediyesi taraf\u0131ndan yap\u0131m\u0131 tamamlanan Ku\u015fadas\u0131 Tenis Kul\u00fcb\u00fc, kap\u0131lar\u0131n\u0131 a\u00e7t\u0131. Uluslararas\u0131 standartlara sahip 5 korta ev sahipli\u011fi yapan Ku\u015fadas\u0131 Tenis Kul\u00fcb\u00fc, hizmete girdi\u011fi ilk g\u00fcnden itibaren tenis severlerden yo\u011fun ilgi g\u00f6rd\u00fc.<\/p>\n<p>Ku\u015fadas\u0131 Belediye Ba\u015fkan\u0131 \u00d6mer G\u00fcnel\u2019in vizyon projeleri aras\u0131nda yer alan ve spor severler taraf\u0131ndan b\u00fcy\u00fck bir heyecanla beklenen Ku\u015fadas\u0131 Tenis Kul\u00fcb\u00fc hizmete girdi. Kad\u0131nlar Denizi Mahallesi Kas\u0131m Yaman Caddesi\u2019nde 6 bin metrekarelik alan \u00fczerine in\u015fa edilen tesis, ev sahipli\u011fi yapt\u0131\u011f\u0131 uluslararas\u0131 standartlara sahip gece ayd\u0131nlatmal\u0131 4 tenis kortu ve 1 antrenman kortu sayesinde kap\u0131lar\u0131n\u0131 a\u00e7t\u0131\u011f\u0131 ilk g\u00fcnden itibaren dolup ta\u015ft\u0131.<\/p>\n<p>Tenis kortlar\u0131n\u0131n yan\u0131 s\u0131ra spor alan\u0131 ve aletleri, \u00e7ocuk oyun grubu, y\u00fcr\u00fcy\u00fc\u015f yollar\u0131, kafeterya, seyirci trib\u00fcnleri ve 900 metrekarelik ye\u015fil alan\u0131 ile de kente de\u011fer ve kalite katan Ku\u015fadas\u0131 Tenis Kul\u00fcb\u00fc, sporseverlerden tam not ald\u0131. Kul\u00fcb\u00fcn ilk konuklar\u0131 olan tenis tutkunlar\u0131 Ku\u015fadas\u0131\u2019na bu denli modern ve kaliteli bir spor tesisi kazand\u0131rd\u0131\u011f\u0131 i\u00e7in Ba\u015fkan \u00d6mer G\u00fcnel\u2019e te\u015fekk\u00fcr etti.<\/p>\n<p>Tenise yeni ba\u015flamak isteyenlerin uzman antren\u00f6rler taraf\u0131ndan verilecek bireysel ve grup e\u011fitimlerine de kat\u0131labilece\u011fi Ku\u015fadas\u0131 Tenis Kul\u00fcb\u00fc\u2019nde Adal\u0131 Kart sahiplerine y\u00fczde 50 indirim uygulan\u0131yor. 7\u2019den 70\u2019e t\u00fcm ya\u015f gruplar\u0131n hitap eden Ku\u015fadas\u0131 Tenis Kul\u00fcb\u00fc i\u00e7in Adamobil uygulamas\u0131 veya kusadasiteniskortu.com adresi \u00fczerinden rezervasyon yapt\u0131rmak m\u00fcmk\u00fcn oluyor.<br \/><\/p>\n","protected":false},"excerpt":{"rendered":"<p>Ku\u015fadas\u0131 Belediyesi taraf\u0131ndan yap\u0131m\u0131 tamamlanan Ku\u015fadas\u0131 Tenis Kul\u00fcb\u00fc, kap\u0131lar\u0131n\u0131 a\u00e7t\u0131. Uluslararas\u0131 standartlara sahip 5 korta ev sahipli\u011fi yapan Ku\u015fadas\u0131 Tenis Kul\u00fcb\u00fc, hizmete girdi\u011fi ilk g\u00fcnden itibaren tenis severlerden yo\u011fun ilgi g\u00f6rd\u00fc. Ku\u015fadas\u0131 Belediye Ba\u015fkan\u0131 \u00d6mer G\u00fcnel\u2019in vizyon projeleri aras\u0131nda yer alan ve spor severler taraf\u0131ndan b\u00fcy\u00fck bir heyecanla beklenen Ku\u015fadas\u0131 Tenis Kul\u00fcb\u00fc hizmete girdi. Kad\u0131nlar&#8230;<\/p>\n","protected":false},"author":1,"featured_media":13181,"comment_status":"open","ping_status":"open","sticky":false,"template":"","format":"standard","meta":{"_crdt_document":"","footnotes":""},"categories":[4],"tags":[],"class_list":["post-13180","post","type-post","status-publish","format-standard","has-post-thumbnail","hentry","category-spor"],"_links":{"self":[{"href":"https:\/\/www.egemtv.com\/index.php?rest_route=\/wp\/v2\/posts\/13180","targetHints":{"allow":["GET"]}}],"collection":[{"href":"https:\/\/www.egemtv.com\/index.php?rest_route=\/wp\/v2\/posts"}],"about":[{"href":"https:\/\/www.egemtv.com\/index.php?rest_route=\/wp\/v2\/types\/post"}],"author":[{"embeddable":true,"href":"https:\/\/www.egemtv.com\/index.php?rest_route=\/wp\/v2\/users\/1"}],"replies":[{"embeddable":true,"href":"https:\/\/www.egemtv.com\/index.php?rest_route=%2Fwp%2Fv2%2Fcomments&post=13180"}],"version-history":[{"count":1,"href":"https:\/\/www.egemtv.com\/index.php?rest_route=\/wp\/v2\/posts\/13180\/revisions"}],"predecessor-version":[{"id":13182,"href":"https:\/\/www.egemtv.com\/index.php?rest_route=\/wp\/v2\/posts\/13180\/revisions\/13182"}],"wp:featuredmedia":[{"embeddable":true,"href":"https:\/\/www.egemtv.com\/index.php?rest_route=\/wp\/v2\/media\/13181"}],"wp:attachment":[{"href":"https:\/\/www.egemtv.com\/index.php?rest_route=%2Fwp%2Fv2%2Fmedia&parent=13180"}],"wp:term":[{"taxonomy":"category","embeddable":true,"href":"https:\/\/www.egemtv.com\/index.php?rest_route=%2Fwp%2Fv2%2Fcategories&post=13180"},{"taxonomy":"post_tag","embeddable":true,"href":"https:\/\/www.egemtv.com\/index.php?rest_route=%2Fwp%2Fv2%2Ftags&post=13180"}],"curies":[{"name":"wp","href":"https:\/\/api.w.org\/{rel}","templated":true}]}}