{"id":13174,"date":"2025-01-28T15:49:15","date_gmt":"2025-01-28T12:49:15","guid":{"rendered":"https:\/\/www.egemtv.com\/?p=13174"},"modified":"2025-01-28T15:49:16","modified_gmt":"2025-01-28T12:49:16","slug":"neyzen-tevfik-bodrumda-anildi","status":"publish","type":"post","link":"https:\/\/www.egemtv.com\/?p=13174","title":{"rendered":"Neyzen Tevfik Bodrum\u2019da an\u0131ld\u0131"},"content":{"rendered":"<p>Ney ustas\u0131, hiciv \u015fairi Neyzen Tevfik (Kolayl\u0131) \u00f6l\u00fcm\u00fcn\u00fcn 72. y\u0131l\u0131nda Bodrum\u2019da an\u0131ld\u0131.<\/p>\n<p>Bodrumlu Neyzen Tevfik\u2019in \u00f6l\u00fcm\u00fcn\u00fcn 72. y\u0131l\u0131 dolay\u0131s\u0131yla, Bodrum Belediyesi K\u00fclt\u00fcr ve Sosyal Hizmetler M\u00fcd\u00fcrl\u00fc\u011f\u00fc taraf\u0131ndan 28 Ocak Sal\u0131 g\u00fcn\u00fc Neyzen Tevfik Caddesi\u2019ndeki heykelinin \u00f6n\u00fcnde anma t\u00f6reni d\u00fczenlendi.<\/p>\n<p>Anma program\u0131na, Bodrum Belediye Ba\u015fkan\u0131 Tamer Mandalinci\u2019yi temsilen Bodrum Belediyesi Genel Koordinat\u00f6r\u00fc Emel \u00c7akalo\u011flu, ba\u015fkan yard\u0131mc\u0131lar\u0131, meclis \u00fcyeleri, vatanda\u015flar ve bas\u0131n mensuplar\u0131 kat\u0131ld\u0131.<\/p>\n<p>Neyzen Tevfik hayat\u0131 hakk\u0131nda k\u0131sa bilgiler veren Ney Sanat\u00e7\u0131s\u0131 Canan \u00d6zden \u015funlar\u0131 s\u00f6yledi:<br \/>\n<br \/>\u201cTevfik Kolayl\u0131 sadece m\u00fczik insan\u0131 de\u011fil, her anlamda gerek \u015fiirleri gerek d\u00fc\u015f\u00fcnceleri ile sanat insan\u0131d\u0131r, sanat\u00e7\u0131d\u0131r. \u00d6zg\u00fcrl\u00fck\u00e7\u00fc yap\u0131s\u0131, felsefi ve bir o kadar tasavvufi y\u00f6n\u00fc ile her insana de\u011fen bir ki\u015filiktir. Bu \u00e7ok y\u00f6nl\u00fc olu\u015fu Neyzen\u2019in saz\u0131na da yans\u0131m\u0131\u015ft\u0131r. Hi\u00e7likten var olan Neyzen\u2019in bir o kadar beden kal\u0131b\u0131nda olup bir o kadar da ruhani ta\u015fk\u0131nl\u0131kta olmas\u0131ndan kaynakl\u0131 g\u00fcn\u00fcm\u00fczde h\u00e2l\u00e2 kendisinden s\u00f6z ettiriyor. Sayg\u0131yla an\u0131yoruz\u201d<\/p>\n<p>Tarihi ge\u00e7mi\u015fi ve k\u00fclt\u00fcrel zenginlikleriyle \u00f6nemli bir destinasyon olan Bodrum\u2019un ge\u00e7mi\u015ften g\u00fcn\u00fcm\u00fcze pek \u00e7ok de\u011ferli sanat\u00e7\u0131ya ev sahipli\u011fi yapt\u0131\u011f\u0131n\u0131 s\u00f6yleyen Bodrum Belediyesi Genel Koordinat\u00f6r\u00fc Emel \u00c7akalo\u011flu, \u015fu ifadelerde bulundu:<br \/>\n<br \/>\u201cBu kadim topraklara ayak basan, denizin kokusunu i\u00e7ine \u00e7eken bu atmosferde ya\u015fayan her sanat\u00e7\u0131, bizlere e\u015fsiz bir miras b\u0131rakt\u0131. Neyzen Tevfik de bu isimlerden biriydi. Hayata kar\u015f\u0131 muhalif bir duru\u015fu ve n\u00fcktedan diliyle tan\u0131nan Neyzen\u2019in hayat yolculu\u011funda kavga yerine insan sevgisi, d\u00fcnya mal\u0131 yerine sanat, felsefe ve varolu\u015f vard\u0131.  Bir ney ustas\u0131, hiciv \u015fairi, do\u011fa sevdal\u0131s\u0131 ve yard\u0131msever biri olarak ya\u015fam\u0131n\u0131 s\u00fcrd\u00fcren Neyzen Tevfik, hayata g\u00f6zlerini yumarken ard\u0131nda kulaklar\u0131m\u0131zda usul usul esen neyinin t\u0131n\u0131s\u0131n\u0131 b\u0131rakt\u0131. Neyzen Tevfik gibi ge\u00e7mi\u015fimize unutulmaz izler b\u0131rakan sanat\u00e7\u0131lar\u0131m\u0131z\u0131n an\u0131s\u0131n\u0131 ya\u015fatmaya, adlar\u0131n\u0131 gelecek nesillere ta\u015f\u0131maya devam edece\u011fiz. Bu vesileyle Neyzen Tevfik\u2019i vefat\u0131n\u0131n 72. Y\u0131l\u0131nda sevgi ve \u00f6zlemle an\u0131yoruz\u201d<\/p>\n<p>Konu\u015fmalar\u0131n ard\u0131ndan Ney Sanat\u00e7\u0131s\u0131 Canan \u00d6zden taraf\u0131ndan ger\u00e7ekle\u015ftirilen ney konseri, vatanda\u015flar\u0131n be\u011fenisini toplad\u0131.<br \/><\/p>\n","protected":false},"excerpt":{"rendered":"<p>Ney ustas\u0131, hiciv \u015fairi Neyzen Tevfik (Kolayl\u0131) \u00f6l\u00fcm\u00fcn\u00fcn 72. y\u0131l\u0131nda Bodrum\u2019da an\u0131ld\u0131. Bodrumlu Neyzen Tevfik\u2019in \u00f6l\u00fcm\u00fcn\u00fcn 72. y\u0131l\u0131 dolay\u0131s\u0131yla, Bodrum Belediyesi K\u00fclt\u00fcr ve Sosyal Hizmetler M\u00fcd\u00fcrl\u00fc\u011f\u00fc taraf\u0131ndan 28 Ocak Sal\u0131 g\u00fcn\u00fc Neyzen Tevfik Caddesi\u2019ndeki heykelinin \u00f6n\u00fcnde anma t\u00f6reni d\u00fczenlendi. Anma program\u0131na, Bodrum Belediye Ba\u015fkan\u0131 Tamer Mandalinci\u2019yi temsilen Bodrum Belediyesi Genel Koordinat\u00f6r\u00fc Emel \u00c7akalo\u011flu, ba\u015fkan yard\u0131mc\u0131lar\u0131,&#8230;<\/p>\n","protected":false},"author":1,"featured_media":13175,"comment_status":"open","ping_status":"open","sticky":false,"template":"","format":"standard","meta":{"_crdt_document":"","footnotes":""},"categories":[123],"tags":[],"class_list":["post-13174","post","type-post","status-publish","format-standard","has-post-thumbnail","hentry","category-gundem"],"_links":{"self":[{"href":"https:\/\/www.egemtv.com\/index.php?rest_route=\/wp\/v2\/posts\/13174","targetHints":{"allow":["GET"]}}],"collection":[{"href":"https:\/\/www.egemtv.com\/index.php?rest_route=\/wp\/v2\/posts"}],"about":[{"href":"https:\/\/www.egemtv.com\/index.php?rest_route=\/wp\/v2\/types\/post"}],"author":[{"embeddable":true,"href":"https:\/\/www.egemtv.com\/index.php?rest_route=\/wp\/v2\/users\/1"}],"replies":[{"embeddable":true,"href":"https:\/\/www.egemtv.com\/index.php?rest_route=%2Fwp%2Fv2%2Fcomments&post=13174"}],"version-history":[{"count":1,"href":"https:\/\/www.egemtv.com\/index.php?rest_route=\/wp\/v2\/posts\/13174\/revisions"}],"predecessor-version":[{"id":13176,"href":"https:\/\/www.egemtv.com\/index.php?rest_route=\/wp\/v2\/posts\/13174\/revisions\/13176"}],"wp:featuredmedia":[{"embeddable":true,"href":"https:\/\/www.egemtv.com\/index.php?rest_route=\/wp\/v2\/media\/13175"}],"wp:attachment":[{"href":"https:\/\/www.egemtv.com\/index.php?rest_route=%2Fwp%2Fv2%2Fmedia&parent=13174"}],"wp:term":[{"taxonomy":"category","embeddable":true,"href":"https:\/\/www.egemtv.com\/index.php?rest_route=%2Fwp%2Fv2%2Fcategories&post=13174"},{"taxonomy":"post_tag","embeddable":true,"href":"https:\/\/www.egemtv.com\/index.php?rest_route=%2Fwp%2Fv2%2Ftags&post=13174"}],"curies":[{"name":"wp","href":"https:\/\/api.w.org\/{rel}","templated":true}]}}