{"id":13171,"date":"2025-01-28T15:43:18","date_gmt":"2025-01-28T12:43:18","guid":{"rendered":"https:\/\/www.egemtv.com\/?p=13171"},"modified":"2025-01-28T15:43:20","modified_gmt":"2025-01-28T12:43:20","slug":"ivan-mance-furkan-bayir-transferini-degerlendirdi","status":"publish","type":"post","link":"https:\/\/www.egemtv.com\/?p=13171","title":{"rendered":"Ivan Mance, Furkan Bay\u0131r transferini de\u011ferlendirdi"},"content":{"rendered":"<p>G\u00f6ztepe Sportif Direkt\u00f6r\u00fc Ivan Mance, Furkan Bay\u0131r transferi hakk\u0131nda a\u00e7\u0131klamalarda bulunarak, gen\u00e7 oyuncunun \u015fu ana kadar S\u00fcper Lig\u2019de yakla\u015f\u0131k 100 ma\u00e7a \u00e7\u0131kmas\u0131na dikkat \u00e7ekti.<br \/>\n<br \/>Corendon Alanyaspor\u2019dan savunma oyuncusu Furkan Bay\u0131r\u2019\u0131 kadrosuna katan G\u00f6ztepe\u2019de Sportif Direkt\u00f6r\u00fc Ivan Mance, Furkan Bay\u0131r transferi hakk\u0131nda a\u00e7\u0131klamalarda bulundu. \u00d6ncelikle gen\u00e7 oyuncuya \u2019ho\u015f geldin\u2019 diyen Mance, \u201cKendisi gen\u00e7 bir oyuncu olmas\u0131na ra\u011fmen S\u00fcper Lig\u2019de neredeyse 100 ma\u00e7l\u0131k deneyime sahip. Teknik ekibimizin deste\u011fiyle geli\u015fimini s\u00fcrd\u00fcrebilece\u011fine inan\u0131yoruz\u201d ifadelerini kulland\u0131.<\/p>\n<p>\u201cBu kul\u00fcp i\u00e7in sava\u015faca\u011f\u0131m\u201d<br \/>\n<br \/>G\u00f6ztepe\u2019nin yeni transferi Furkan Bay\u0131r da sar\u0131-k\u0131rm\u0131z\u0131l\u0131 formay\u0131 giymenin kendisi i\u00e7in b\u00fcy\u00fck bir gurur olaca\u011f\u0131n\u0131 dile getirerek, \u201cG\u00f6ztepe, yaln\u0131zca bir kul\u00fcp de\u011fil; tutkusu, taraftar\u0131 ve tarihiyle \u0130zmir\u2019in kalbinde bir efsane. Bir \u0130zmirli olarak bu b\u00fcy\u00fck ailenin par\u00e7as\u0131 olmaktan b\u00fcy\u00fck mutluluk duyuyorum. Sahada her zaman elimden gelenin en iyisini yaparak bu camiay\u0131 hak etti\u011fi yerlere ta\u015f\u0131mak i\u00e7in sava\u015faca\u011f\u0131m. Taraftarlar\u0131m\u0131z\u0131n co\u015fkusunu arkamda hissetmek i\u00e7in sab\u0131rs\u0131zlan\u0131yorum. Hep birlikte yazaca\u011f\u0131m\u0131z g\u00fczel bir hikaye ba\u015fl\u0131yor\u201d diyerek s\u00f6zlerini noktalad\u0131.<br \/><\/p>\n","protected":false},"excerpt":{"rendered":"<p>G\u00f6ztepe Sportif Direkt\u00f6r\u00fc Ivan Mance, Furkan Bay\u0131r transferi hakk\u0131nda a\u00e7\u0131klamalarda bulunarak, gen\u00e7 oyuncunun \u015fu ana kadar S\u00fcper Lig\u2019de yakla\u015f\u0131k 100 ma\u00e7a \u00e7\u0131kmas\u0131na dikkat \u00e7ekti. Corendon Alanyaspor\u2019dan savunma oyuncusu Furkan Bay\u0131r\u2019\u0131 kadrosuna katan G\u00f6ztepe\u2019de Sportif Direkt\u00f6r\u00fc Ivan Mance, Furkan Bay\u0131r transferi hakk\u0131nda a\u00e7\u0131klamalarda bulundu. \u00d6ncelikle gen\u00e7 oyuncuya \u2019ho\u015f geldin\u2019 diyen Mance, \u201cKendisi gen\u00e7 bir oyuncu olmas\u0131na&#8230;<\/p>\n","protected":false},"author":1,"featured_media":13172,"comment_status":"open","ping_status":"open","sticky":false,"template":"","format":"standard","meta":{"_crdt_document":"","footnotes":""},"categories":[4],"tags":[],"class_list":["post-13171","post","type-post","status-publish","format-standard","has-post-thumbnail","hentry","category-spor"],"_links":{"self":[{"href":"https:\/\/www.egemtv.com\/index.php?rest_route=\/wp\/v2\/posts\/13171","targetHints":{"allow":["GET"]}}],"collection":[{"href":"https:\/\/www.egemtv.com\/index.php?rest_route=\/wp\/v2\/posts"}],"about":[{"href":"https:\/\/www.egemtv.com\/index.php?rest_route=\/wp\/v2\/types\/post"}],"author":[{"embeddable":true,"href":"https:\/\/www.egemtv.com\/index.php?rest_route=\/wp\/v2\/users\/1"}],"replies":[{"embeddable":true,"href":"https:\/\/www.egemtv.com\/index.php?rest_route=%2Fwp%2Fv2%2Fcomments&post=13171"}],"version-history":[{"count":1,"href":"https:\/\/www.egemtv.com\/index.php?rest_route=\/wp\/v2\/posts\/13171\/revisions"}],"predecessor-version":[{"id":13173,"href":"https:\/\/www.egemtv.com\/index.php?rest_route=\/wp\/v2\/posts\/13171\/revisions\/13173"}],"wp:featuredmedia":[{"embeddable":true,"href":"https:\/\/www.egemtv.com\/index.php?rest_route=\/wp\/v2\/media\/13172"}],"wp:attachment":[{"href":"https:\/\/www.egemtv.com\/index.php?rest_route=%2Fwp%2Fv2%2Fmedia&parent=13171"}],"wp:term":[{"taxonomy":"category","embeddable":true,"href":"https:\/\/www.egemtv.com\/index.php?rest_route=%2Fwp%2Fv2%2Fcategories&post=13171"},{"taxonomy":"post_tag","embeddable":true,"href":"https:\/\/www.egemtv.com\/index.php?rest_route=%2Fwp%2Fv2%2Ftags&post=13171"}],"curies":[{"name":"wp","href":"https:\/\/api.w.org\/{rel}","templated":true}]}}