{"id":13168,"date":"2025-01-28T15:34:59","date_gmt":"2025-01-28T12:34:59","guid":{"rendered":"https:\/\/www.egemtv.com\/?p=13168"},"modified":"2025-01-28T15:35:01","modified_gmt":"2025-01-28T12:35:01","slug":"izmirde-6nci-kattan-dusen-isci-hayatini-kaybetti","status":"publish","type":"post","link":"https:\/\/www.egemtv.com\/?p=13168","title":{"rendered":"\u0130zmir\u2019de 6\u2019nc\u0131 kattan d\u00fc\u015fen i\u015f\u00e7i hayat\u0131n\u0131 kaybetti"},"content":{"rendered":"<p>\u0130zmir\u2019de \u00e7al\u0131\u015ft\u0131\u011f\u0131 in\u015faat\u0131n 6\u2019nc\u0131 kat\u0131ndan d\u00fc\u015fen i\u015f\u00e7i hayat\u0131n\u0131 kaybetti.<br \/>\n<br \/>Olay, Bayrakl\u0131 il\u00e7esi Manavkuyu Mahallesi 283\/1 Sokak\u2019ta meydana geldi. Edinilen bilgilere g\u00f6re, in\u015faat i\u015f\u00e7isi Mehmet Dilemre (53) koruyucu ekipmans\u0131z \u00e7al\u0131\u015ft\u0131\u011f\u0131 binan\u0131n 6\u2019nc\u0131 kat\u0131ndan beton zemine d\u00fc\u015ft\u00fc. Mesai arkada\u015flar\u0131n\u0131n ihbar\u0131 \u00fczerine olay yerine sa\u011fl\u0131k ve polis ekipleri sevk edildi. Olay yerinde yap\u0131lan kontrolde, kanlar i\u00e7erisinde yerde yatan adam\u0131n \u00f6ld\u00fc\u011f\u00fc belirlendi. 6 \u00e7ocuk babas\u0131 Dilemre\u2019nin cans\u0131z bedeni, inceleme sonras\u0131 kesin \u00f6l\u00fcm nedeninin belirlenmesi i\u00e7in \u0130zmir Adli T\u0131p Kurumu morguna kald\u0131r\u0131ld\u0131. Polis, olayla ilgili inceleme ba\u015flatt\u0131.<br \/><\/p>\n","protected":false},"excerpt":{"rendered":"<p>\u0130zmir\u2019de \u00e7al\u0131\u015ft\u0131\u011f\u0131 in\u015faat\u0131n 6\u2019nc\u0131 kat\u0131ndan d\u00fc\u015fen i\u015f\u00e7i hayat\u0131n\u0131 kaybetti. Olay, Bayrakl\u0131 il\u00e7esi Manavkuyu Mahallesi 283\/1 Sokak\u2019ta meydana geldi. Edinilen bilgilere g\u00f6re, in\u015faat i\u015f\u00e7isi Mehmet Dilemre (53) koruyucu ekipmans\u0131z \u00e7al\u0131\u015ft\u0131\u011f\u0131 binan\u0131n 6\u2019nc\u0131 kat\u0131ndan beton zemine d\u00fc\u015ft\u00fc. Mesai arkada\u015flar\u0131n\u0131n ihbar\u0131 \u00fczerine olay yerine sa\u011fl\u0131k ve polis ekipleri sevk edildi. Olay yerinde yap\u0131lan kontrolde, kanlar i\u00e7erisinde yerde yatan&#8230;<\/p>\n","protected":false},"author":1,"featured_media":13169,"comment_status":"open","ping_status":"open","sticky":false,"template":"","format":"standard","meta":{"_crdt_document":"","footnotes":""},"categories":[5],"tags":[],"class_list":["post-13168","post","type-post","status-publish","format-standard","has-post-thumbnail","hentry","category-asayis"],"_links":{"self":[{"href":"https:\/\/www.egemtv.com\/index.php?rest_route=\/wp\/v2\/posts\/13168","targetHints":{"allow":["GET"]}}],"collection":[{"href":"https:\/\/www.egemtv.com\/index.php?rest_route=\/wp\/v2\/posts"}],"about":[{"href":"https:\/\/www.egemtv.com\/index.php?rest_route=\/wp\/v2\/types\/post"}],"author":[{"embeddable":true,"href":"https:\/\/www.egemtv.com\/index.php?rest_route=\/wp\/v2\/users\/1"}],"replies":[{"embeddable":true,"href":"https:\/\/www.egemtv.com\/index.php?rest_route=%2Fwp%2Fv2%2Fcomments&post=13168"}],"version-history":[{"count":1,"href":"https:\/\/www.egemtv.com\/index.php?rest_route=\/wp\/v2\/posts\/13168\/revisions"}],"predecessor-version":[{"id":13170,"href":"https:\/\/www.egemtv.com\/index.php?rest_route=\/wp\/v2\/posts\/13168\/revisions\/13170"}],"wp:featuredmedia":[{"embeddable":true,"href":"https:\/\/www.egemtv.com\/index.php?rest_route=\/wp\/v2\/media\/13169"}],"wp:attachment":[{"href":"https:\/\/www.egemtv.com\/index.php?rest_route=%2Fwp%2Fv2%2Fmedia&parent=13168"}],"wp:term":[{"taxonomy":"category","embeddable":true,"href":"https:\/\/www.egemtv.com\/index.php?rest_route=%2Fwp%2Fv2%2Fcategories&post=13168"},{"taxonomy":"post_tag","embeddable":true,"href":"https:\/\/www.egemtv.com\/index.php?rest_route=%2Fwp%2Fv2%2Ftags&post=13168"}],"curies":[{"name":"wp","href":"https:\/\/api.w.org\/{rel}","templated":true}]}}