{"id":13165,"date":"2025-01-28T15:16:02","date_gmt":"2025-01-28T12:16:02","guid":{"rendered":"https:\/\/www.egemtv.com\/?p=13165"},"modified":"2025-01-28T15:16:04","modified_gmt":"2025-01-28T12:16:04","slug":"cay-ilcesinde-ithal-besilik-buyukbas-hayvanlarin-tespitine-baslandi","status":"publish","type":"post","link":"https:\/\/www.egemtv.com\/?p=13165","title":{"rendered":"\u00c7ay il\u00e7esinde ithal besilik b\u00fcy\u00fckba\u015f hayvanlar\u0131n tespitine ba\u015fland\u0131"},"content":{"rendered":"<p>Afyonkarahisar\u2019da ithal besilik b\u00fcy\u00fckba\u015f hayvanlar\u0131n tespiti ve hastal\u0131klar\u0131n\u0131n \u00f6nlenmesi i\u00e7in \u00e7al\u0131\u015fma ba\u015flat\u0131ld\u0131.<br \/>\n<br \/>Konuyla ilgili Afyonkarahisar Tar\u0131m ve Orman M\u00fcd\u00fcrl\u00fc\u011f\u00fc\u2019nden yap\u0131lan yaz\u0131l\u0131 a\u00e7\u0131klamada, \u201c\u00c7ay \u0130l\u00e7e Tar\u0131m ve Orman M\u00fcd\u00fcrl\u00fc\u011f\u00fc taraf\u0131ndan 40 adet ithal besilik b\u00fcy\u00fckba\u015f hayvanlar\u0131n tespit ve hastal\u0131klar y\u00f6n\u00fcnden kan al\u0131m i\u015flemleri veteriner hekimlerimiz taraf\u0131ndan yap\u0131lm\u0131\u015ft\u0131r\u201d ifadelerine yer verildi.<br \/><\/p>\n","protected":false},"excerpt":{"rendered":"<p>Afyonkarahisar\u2019da ithal besilik b\u00fcy\u00fckba\u015f hayvanlar\u0131n tespiti ve hastal\u0131klar\u0131n\u0131n \u00f6nlenmesi i\u00e7in \u00e7al\u0131\u015fma ba\u015flat\u0131ld\u0131. Konuyla ilgili Afyonkarahisar Tar\u0131m ve Orman M\u00fcd\u00fcrl\u00fc\u011f\u00fc\u2019nden yap\u0131lan yaz\u0131l\u0131 a\u00e7\u0131klamada, \u201c\u00c7ay \u0130l\u00e7e Tar\u0131m ve Orman M\u00fcd\u00fcrl\u00fc\u011f\u00fc taraf\u0131ndan 40 adet ithal besilik b\u00fcy\u00fckba\u015f hayvanlar\u0131n tespit ve hastal\u0131klar y\u00f6n\u00fcnden kan al\u0131m i\u015flemleri veteriner hekimlerimiz taraf\u0131ndan yap\u0131lm\u0131\u015ft\u0131r\u201d ifadelerine yer verildi.<\/p>\n","protected":false},"author":1,"featured_media":13166,"comment_status":"open","ping_status":"open","sticky":false,"template":"","format":"standard","meta":{"_crdt_document":"","footnotes":""},"categories":[1],"tags":[],"class_list":["post-13165","post","type-post","status-publish","format-standard","has-post-thumbnail","hentry","category-guncel"],"_links":{"self":[{"href":"https:\/\/www.egemtv.com\/index.php?rest_route=\/wp\/v2\/posts\/13165","targetHints":{"allow":["GET"]}}],"collection":[{"href":"https:\/\/www.egemtv.com\/index.php?rest_route=\/wp\/v2\/posts"}],"about":[{"href":"https:\/\/www.egemtv.com\/index.php?rest_route=\/wp\/v2\/types\/post"}],"author":[{"embeddable":true,"href":"https:\/\/www.egemtv.com\/index.php?rest_route=\/wp\/v2\/users\/1"}],"replies":[{"embeddable":true,"href":"https:\/\/www.egemtv.com\/index.php?rest_route=%2Fwp%2Fv2%2Fcomments&post=13165"}],"version-history":[{"count":1,"href":"https:\/\/www.egemtv.com\/index.php?rest_route=\/wp\/v2\/posts\/13165\/revisions"}],"predecessor-version":[{"id":13167,"href":"https:\/\/www.egemtv.com\/index.php?rest_route=\/wp\/v2\/posts\/13165\/revisions\/13167"}],"wp:featuredmedia":[{"embeddable":true,"href":"https:\/\/www.egemtv.com\/index.php?rest_route=\/wp\/v2\/media\/13166"}],"wp:attachment":[{"href":"https:\/\/www.egemtv.com\/index.php?rest_route=%2Fwp%2Fv2%2Fmedia&parent=13165"}],"wp:term":[{"taxonomy":"category","embeddable":true,"href":"https:\/\/www.egemtv.com\/index.php?rest_route=%2Fwp%2Fv2%2Fcategories&post=13165"},{"taxonomy":"post_tag","embeddable":true,"href":"https:\/\/www.egemtv.com\/index.php?rest_route=%2Fwp%2Fv2%2Ftags&post=13165"}],"curies":[{"name":"wp","href":"https:\/\/api.w.org\/{rel}","templated":true}]}}