{"id":13162,"date":"2025-01-28T15:16:00","date_gmt":"2025-01-28T12:16:00","guid":{"rendered":"https:\/\/www.egemtv.com\/?p=13162"},"modified":"2025-01-28T15:16:02","modified_gmt":"2025-01-28T12:16:02","slug":"benin-cumhuriyeti-uyruklu-ogrenci-kutahyada-musluman-oldu","status":"publish","type":"post","link":"https:\/\/www.egemtv.com\/?p=13162","title":{"rendered":"Benin Cumhuriyeti uyruklu \u00f6\u011frenci K\u00fctahya\u2019da M\u00fcsl\u00fcman oldu"},"content":{"rendered":"<p>K\u00fctahya Dumlup\u0131nar \u00dcniversitesi (DP\u00dc) T\u00fcrk\u00e7e \u00d6\u011fretim Uygulama ve Ara\u015ft\u0131rma Merkezi\u2019nde (T\u00d6MER) e\u011fitim g\u00f6ren Benin Cumhuriyeti uyruklu Pr\u0131nce Donald Fernandez Hounhou\u0131, d\u00fczenlenen ihtida t\u00f6reniyle M\u00fcsl\u00fcman oldu.<br \/>\n<br \/>K\u00fctahya \u0130l M\u00fcft\u00fcl\u00fc\u011f\u00fcnde, \u0130l M\u00fcft\u00fc Yard\u0131mc\u0131s\u0131 Salim \u00dcz\u00fclmez\u2019in nezaretinde ger\u00e7ekle\u015fen t\u00f6rende, Kur\u2019an-\u0131 Kerim okunarak Hounhou\u0131\u2019ye \u0130slam\u2019\u0131n temel esaslar\u0131 anlat\u0131ld\u0131. Kelime-i \u015eehadet getirerek M\u00fcsl\u00fcman olan Hounhou\u0131, &#8220;Ali&#8221; ismini ald\u0131. \u0130l M\u00fcft\u00fcs\u00fc Dr. \u0130rfan A\u00e7\u0131k taraf\u0131ndan kendisine &#8220;\u0130htida Belgesi&#8221; takdim edilen 28 ya\u015f\u0131ndaki \u00f6\u011frenciye ayr\u0131ca Kur\u2019an-\u0131 Kerim ve Diyanet yay\u0131nlar\u0131ndan \u00e7e\u015fitli eserler hediye edildi.<br \/><\/p>\n","protected":false},"excerpt":{"rendered":"<p>K\u00fctahya Dumlup\u0131nar \u00dcniversitesi (DP\u00dc) T\u00fcrk\u00e7e \u00d6\u011fretim Uygulama ve Ara\u015ft\u0131rma Merkezi\u2019nde (T\u00d6MER) e\u011fitim g\u00f6ren Benin Cumhuriyeti uyruklu Pr\u0131nce Donald Fernandez Hounhou\u0131, d\u00fczenlenen ihtida t\u00f6reniyle M\u00fcsl\u00fcman oldu. K\u00fctahya \u0130l M\u00fcft\u00fcl\u00fc\u011f\u00fcnde, \u0130l M\u00fcft\u00fc Yard\u0131mc\u0131s\u0131 Salim \u00dcz\u00fclmez\u2019in nezaretinde ger\u00e7ekle\u015fen t\u00f6rende, Kur\u2019an-\u0131 Kerim okunarak Hounhou\u0131\u2019ye \u0130slam\u2019\u0131n temel esaslar\u0131 anlat\u0131ld\u0131. Kelime-i \u015eehadet getirerek M\u00fcsl\u00fcman olan Hounhou\u0131, &#8220;Ali&#8221; ismini ald\u0131. \u0130l M\u00fcft\u00fcs\u00fc&#8230;<\/p>\n","protected":false},"author":1,"featured_media":13163,"comment_status":"open","ping_status":"open","sticky":false,"template":"","format":"standard","meta":{"_crdt_document":"","footnotes":""},"categories":[123],"tags":[],"class_list":["post-13162","post","type-post","status-publish","format-standard","has-post-thumbnail","hentry","category-gundem"],"_links":{"self":[{"href":"https:\/\/www.egemtv.com\/index.php?rest_route=\/wp\/v2\/posts\/13162","targetHints":{"allow":["GET"]}}],"collection":[{"href":"https:\/\/www.egemtv.com\/index.php?rest_route=\/wp\/v2\/posts"}],"about":[{"href":"https:\/\/www.egemtv.com\/index.php?rest_route=\/wp\/v2\/types\/post"}],"author":[{"embeddable":true,"href":"https:\/\/www.egemtv.com\/index.php?rest_route=\/wp\/v2\/users\/1"}],"replies":[{"embeddable":true,"href":"https:\/\/www.egemtv.com\/index.php?rest_route=%2Fwp%2Fv2%2Fcomments&post=13162"}],"version-history":[{"count":1,"href":"https:\/\/www.egemtv.com\/index.php?rest_route=\/wp\/v2\/posts\/13162\/revisions"}],"predecessor-version":[{"id":13164,"href":"https:\/\/www.egemtv.com\/index.php?rest_route=\/wp\/v2\/posts\/13162\/revisions\/13164"}],"wp:featuredmedia":[{"embeddable":true,"href":"https:\/\/www.egemtv.com\/index.php?rest_route=\/wp\/v2\/media\/13163"}],"wp:attachment":[{"href":"https:\/\/www.egemtv.com\/index.php?rest_route=%2Fwp%2Fv2%2Fmedia&parent=13162"}],"wp:term":[{"taxonomy":"category","embeddable":true,"href":"https:\/\/www.egemtv.com\/index.php?rest_route=%2Fwp%2Fv2%2Fcategories&post=13162"},{"taxonomy":"post_tag","embeddable":true,"href":"https:\/\/www.egemtv.com\/index.php?rest_route=%2Fwp%2Fv2%2Ftags&post=13162"}],"curies":[{"name":"wp","href":"https:\/\/api.w.org\/{rel}","templated":true}]}}