{"id":13159,"date":"2025-01-28T15:13:34","date_gmt":"2025-01-28T12:13:34","guid":{"rendered":"https:\/\/www.egemtv.com\/?p=13159"},"modified":"2025-01-28T15:13:36","modified_gmt":"2025-01-28T12:13:36","slug":"yeni-yilin-ilk-istihdam-kurulu-toplantisi-yapildi","status":"publish","type":"post","link":"https:\/\/www.egemtv.com\/?p=13159","title":{"rendered":"Yeni y\u0131l\u0131n ilk istihdam kurulu toplant\u0131s\u0131 yap\u0131ld\u0131"},"content":{"rendered":"<p>\u00dclke genelindeki \u00f6nemli tar\u0131m ve sanayi kentlerinden olan Ayd\u0131n\u2019da, yeni y\u0131l\u0131n ilk \u0130stihdam Kurulu Toplant\u0131s\u0131 yap\u0131l\u0131rken, il genelinde kay\u0131tl\u0131 i\u015fg\u00fcc\u00fc say\u0131s\u0131 81 bin 64 oldu, 68 bin 863 ki\u015fi ise i\u015f arama ba\u015fvurusu yapt\u0131.<\/p>\n<p>Ayd\u0131n \u0130l \u0130stihdam Kurulu Mesleki E\u011fitim Kurulu Toplant\u0131s\u0131, Ayd\u0131n Valisi Yakup Canbolat ba\u015fkanl\u0131\u011f\u0131nda ger\u00e7ekle\u015ftirildi. Ayd\u0131n\u2019\u0131n, i\u015fg\u00fcc\u00fc istihdam ve mesleki e\u011fitim ihtiyac\u0131n\u0131 tespit etmek, mesleki ve teknik e\u011fitim okul ve kurumlar\u0131 ile i\u015fletmelerde yap\u0131lacak mesleki e\u011fitim ve istihdam konular\u0131nda etkinlik ve verimlili\u011fi art\u0131rmak amac\u0131yla d\u00fczenlenen Ayd\u0131n \u0130l \u0130stihdam Kurulu Mesleki E\u011fitim Kurulu Toplant\u0131s\u0131\u2019nda Ayd\u0131n genelindeki i\u015fg\u00fcc\u00fc say\u0131s\u0131 a\u00e7\u0131kland\u0131.<\/p>\n<p>Ekim 2024 verilerine g\u00f6re Ayd\u0131n genelinde toplam 32 bin 604 i\u015fyerinin 192 bin 533 \u00e7al\u0131\u015fan\u0131 bulunuyor. 0-9 aras\u0131 \u00e7al\u0131\u015fan\u0131 bulunan i\u015fyeri say\u0131s\u0131 29 bin 412 olurken, 10-49 aras\u0131 \u00e7al\u0131\u015fan\u0131 olan i\u015fyeri say\u0131s\u0131 2 bin 752, 50 ve \u00fczeri \u00e7al\u0131\u015fan\u0131 bulunan i\u015fyeri say\u0131s\u0131 ise 440 oldu.<\/p>\n<p>Ayd\u0131n, Denizli, Mu\u011fla illerini kapsayan TR32 b\u00f6lgesindeki verilerine g\u00f6re 2023 y\u0131l\u0131nda i\u015fg\u00fcc\u00fcne kat\u0131lma oran\u0131 y\u00fczde 54,2, istihdam oran\u0131 y\u00fczde 49,8 olarak ger\u00e7ekle\u015firken, i\u015fsizlik oran\u0131 ise y\u00fczde 8,1 oldu.<\/p>\n<p>2024 y\u0131l\u0131 Aral\u0131k ay\u0131 itibariyle 39 bin 662\u2019si erkek, 41 bin 402\u2019si kad\u0131n olmak \u00fczere toplam 81 bin 64 kay\u0131tl\u0131 i\u015fg\u00fcc\u00fc bulunurken, 2024 Ocak-Aral\u0131k d\u00f6neminde i\u015f bulma kurumuna 68 bin 863 ki\u015fi ba\u015fvuruda bulundu. \u0130\u015f kurumuna kay\u0131tl\u0131 \u00f6zel sekt\u00f6r i\u015fyerlerinden toplam 40 bin 55 a\u00e7\u0131k i\u015f ilan\u0131 al\u0131n\u0131rken, 2024 Ocak-Aral\u0131k d\u00f6neminde 693\u2019\u00fc engelli olmak \u00fczere toplam 26 bin 425 i\u015f arayan\u0131n i\u015fverenlerle e\u015fle\u015fmesi sa\u011fland\u0131.<\/p>\n<p>2023 y\u0131l\u0131 Ocak-Aral\u0131k d\u00f6neminde dan\u0131\u015fmanl\u0131k kapsam\u0131nda yap\u0131lan g\u00f6r\u00fc\u015fme say\u0131s\u0131 34 bin 55, \u00f6zel sekt\u00f6r i\u015fyeri ziyareti say\u0131s\u0131 11 bin 793, grup g\u00f6r\u00fc\u015fmesi \u00f6\u011frenci say\u0131s\u0131 ise 7 bin 491, \u0130\u015f Kul\u00fcb\u00fc kat\u0131l\u0131mc\u0131 say\u0131s\u0131 bin 225 olarak ger\u00e7ekle\u015fti.<\/p>\n<p>Ayd\u0131n\u2019da 2023 Ocak &#8211; Aral\u0131k d\u00f6neminde d\u00fczenlenen Aktif \u0130\u015fg\u00fcc\u00fc Program\u0131 \u00e7er\u00e7evesinde 391 adet \u0130\u015fba\u015f\u0131 E\u011fitim program\u0131ndan toplam bin 451 ki\u015fi faydalan\u0131rken, 40 adet Toplum Yarar\u0131na Program\u2019dan (TYP) toplam bin 837 ki\u015fi faydaland\u0131. Ayr\u0131ca Eyl\u00fcl 2024 itibariyle hayata ge\u00e7en \u0130\u015fg\u00fcc\u00fc Uyum Programlar\u0131 kapsam\u0131nda 27 ayr\u0131 programdan 2 bin 201 ki\u015fi faydaland\u0131. 2024 y\u0131l\u0131 i\u015fba\u015f\u0131 e\u011fitim programlar\u0131 780, toplum yarar\u0131na programlar ve i\u015fg\u00fcc\u00fc uyum programlar\u0131 ise 252 defa denetim kurulu taraf\u0131ndan denetlendi.<\/p>\n<p>\u201c414 milyon i\u015fsizlik \u00f6dene\u011fi yap\u0131ld\u0131\u201d<br \/>\n<br \/>Ayd\u0131n\u2019da 2024 y\u0131l\u0131 Ocak-Aral\u0131k aylar\u0131 aras\u0131nda \u0130\u015fba\u015f\u0131 E\u011fitim Programlar\u0131 i\u00e7in 54 milyon 623 bin 466 TL, Toplum Yarar\u0131na Programlar i\u00e7in 311 milyon 607 bin 385 TL, \u0130\u015fg\u00fcc\u00fc Uyum Programlar\u0131 i\u00e7in 27 milyon 58 bin 361 TL olmak \u00fczere kurs ve programlar i\u00e7in toplamda 393 milyon 289 bin 212 TL \u00f6deme yap\u0131ld\u0131.<\/p>\n<p>\u0130\u015fsizlik Sigortas\u0131 Fonu \u00e7er\u00e7evesinde ise Ayd\u0131n\u2019da 2024 Ocak &#8211; Aral\u0131k aylar\u0131 i\u00e7erisinde 14 bin 527 ki\u015fi i\u015fsizlik \u00f6dene\u011finden faydalan\u0131rken, bu ki\u015filere toplamda 414 milyon 7 bin 679 TL \u00f6deme yap\u0131ld\u0131.<\/p>\n<p>\u201c22 proje kabul edildi\u201d<br \/>\n<br \/>Engelli ve eski h\u00fck\u00fcml\u00fc hibe projeleri \u00e7er\u00e7evesinde ise 2016 y\u0131l\u0131ndan 2024 y\u0131l\u0131na kadar 112\u2019si engelli, 72\u2019si eski h\u00fck\u00fcml\u00fc olmak \u00fczere toplam 184 i\u015fletmeye 9 milyon 891 bin TL hibe deste\u011fi verildi. Bu d\u00f6nemde ise 16\u2019s\u0131 engelli, 6\u2019s\u0131 eski h\u00fck\u00fcml\u00fc olmak \u00fczere toplam 22 projenin ba\u015fvurusu yap\u0131ld\u0131. \u0130stihdam kuruluna sunulan ba\u015fvurular, oy birli\u011fi ile kabul edilirken, 22 projeye toplamda 6 milyon 834 bin 574 TL hibe deste\u011fi sa\u011flanacak.<br \/><\/p>\n","protected":false},"excerpt":{"rendered":"<p>\u00dclke genelindeki \u00f6nemli tar\u0131m ve sanayi kentlerinden olan Ayd\u0131n\u2019da, yeni y\u0131l\u0131n ilk \u0130stihdam Kurulu Toplant\u0131s\u0131 yap\u0131l\u0131rken, il genelinde kay\u0131tl\u0131 i\u015fg\u00fcc\u00fc say\u0131s\u0131 81 bin 64 oldu, 68 bin 863 ki\u015fi ise i\u015f arama ba\u015fvurusu yapt\u0131. Ayd\u0131n \u0130l \u0130stihdam Kurulu Mesleki E\u011fitim Kurulu Toplant\u0131s\u0131, Ayd\u0131n Valisi Yakup Canbolat ba\u015fkanl\u0131\u011f\u0131nda ger\u00e7ekle\u015ftirildi. Ayd\u0131n\u2019\u0131n, i\u015fg\u00fcc\u00fc istihdam ve mesleki e\u011fitim ihtiyac\u0131n\u0131&#8230;<\/p>\n","protected":false},"author":1,"featured_media":13160,"comment_status":"open","ping_status":"open","sticky":false,"template":"","format":"standard","meta":{"_crdt_document":"","footnotes":""},"categories":[125],"tags":[],"class_list":["post-13159","post","type-post","status-publish","format-standard","has-post-thumbnail","hentry","category-ekonomi"],"_links":{"self":[{"href":"https:\/\/www.egemtv.com\/index.php?rest_route=\/wp\/v2\/posts\/13159","targetHints":{"allow":["GET"]}}],"collection":[{"href":"https:\/\/www.egemtv.com\/index.php?rest_route=\/wp\/v2\/posts"}],"about":[{"href":"https:\/\/www.egemtv.com\/index.php?rest_route=\/wp\/v2\/types\/post"}],"author":[{"embeddable":true,"href":"https:\/\/www.egemtv.com\/index.php?rest_route=\/wp\/v2\/users\/1"}],"replies":[{"embeddable":true,"href":"https:\/\/www.egemtv.com\/index.php?rest_route=%2Fwp%2Fv2%2Fcomments&post=13159"}],"version-history":[{"count":1,"href":"https:\/\/www.egemtv.com\/index.php?rest_route=\/wp\/v2\/posts\/13159\/revisions"}],"predecessor-version":[{"id":13161,"href":"https:\/\/www.egemtv.com\/index.php?rest_route=\/wp\/v2\/posts\/13159\/revisions\/13161"}],"wp:featuredmedia":[{"embeddable":true,"href":"https:\/\/www.egemtv.com\/index.php?rest_route=\/wp\/v2\/media\/13160"}],"wp:attachment":[{"href":"https:\/\/www.egemtv.com\/index.php?rest_route=%2Fwp%2Fv2%2Fmedia&parent=13159"}],"wp:term":[{"taxonomy":"category","embeddable":true,"href":"https:\/\/www.egemtv.com\/index.php?rest_route=%2Fwp%2Fv2%2Fcategories&post=13159"},{"taxonomy":"post_tag","embeddable":true,"href":"https:\/\/www.egemtv.com\/index.php?rest_route=%2Fwp%2Fv2%2Ftags&post=13159"}],"curies":[{"name":"wp","href":"https:\/\/api.w.org\/{rel}","templated":true}]}}