{"id":13156,"date":"2025-01-28T15:08:42","date_gmt":"2025-01-28T12:08:42","guid":{"rendered":"https:\/\/www.egemtv.com\/?p=13156"},"modified":"2025-01-28T15:08:45","modified_gmt":"2025-01-28T12:08:45","slug":"prof-dr-akin-boludaki-otel-faciasi-sonrasi-toplumsal-duyarliliga-dikkat-cekti","status":"publish","type":"post","link":"https:\/\/www.egemtv.com\/?p=13156","title":{"rendered":"Prof. Dr. Ak\u0131n, Bolu\u2019daki otel facias\u0131 sonras\u0131 toplumsal duyarl\u0131l\u0131\u011fa dikkat \u00e7ekti"},"content":{"rendered":"<p>\u0130zmir Katip \u00c7elebi \u00dcniversitesi Sa\u011fl\u0131k Bilimleri Fak\u00fcltesi \u00d6\u011fretim \u00dcyesi ve Akademide Etik Derne\u011fi Ba\u015fkan\u0131 Prof. Dr. Esra Ak\u0131n, \u201cDuymak, ac\u0131y\u0131 anlamak, fark\u0131na varmak, sezmek, yorumlayabilmek ve ona g\u00f6re ya\u015fam \u015feklini y\u00f6netmek olduk\u00e7a \u00f6nemli. \u00c7\u00fcnk\u00fc ancak o zaman ger\u00e7ekten insan olabiliyoruz. \u0130nsan olabilmek demek ba\u015fkas\u0131n\u0131 anlayabilmek, ac\u0131s\u0131na sessiz kalamamak, onu duyabilmek demek\u201d dedi.<br \/>\n<br \/>Bolu Kartalkaya Kayak Merkezi\u2019ndeki Grand Kartal Otel\u2019de 21 Ocak\u2019ta sabaha kar\u015f\u0131 \u00e7\u0131kan yang\u0131nda 78 ki\u015fi hayat\u0131n\u0131 kaybetmi\u015fti. Facia sonras\u0131 yanan otel \u00e7evresinde kayak yapan tatilcilerin sosyal medyada h\u0131zl\u0131ca yay\u0131lan g\u00f6r\u00fcnt\u00fcleri, toplum taraf\u0131ndan tepkiyle kar\u015f\u0131lanm\u0131\u015ft\u0131. \u0130zmir Katip \u00c7elebi \u00dcniversitesi Sa\u011fl\u0131k Bilimleri Fak\u00fcltesi \u00d6\u011fretim \u00dcyesi ve Akademide Etik Derne\u011fi Ba\u015fkan\u0131 Prof. Dr. Esra Ak\u0131n, herkesi derinden etkileyen bu ac\u0131 olay\u0131n, asl\u0131nda farkl\u0131 boyutlarda da zihinlerde soru i\u015faretleri uyand\u0131rd\u0131\u011f\u0131n\u0131 vurgulad\u0131. B\u00f6ylesi felaketler ge\u00e7mi\u015ften bug\u00fcne de\u011ferlendirildi\u011finde bir\u00e7ok etkenle kar\u015f\u0131 kar\u015f\u0131ya kal\u0131nmakta oldu\u011funun alt\u0131n\u0131 \u00e7izen Prof. Dr. Ak\u0131n, \u201cEn \u00e7ok da belki kendimize sorular\u0131 y\u00f6neltmek, \u00f6zellikle bireysel kapsamdaki kendi sorumluluklar\u0131m\u0131z\u0131 yeniden hat\u0131rlamak ve bu kapsamda da toplumsal bir dokunu\u015f s\u00fcreci i\u00e7erisinde olmam\u0131z gerekmektedir. Ge\u00e7mi\u015ften g\u00fcn\u00fcm\u00fcze bakt\u0131\u011f\u0131m\u0131zda, de\u011ferler sisteminde baz\u0131 k\u0131ymetli olan kavramlar\u0131n yava\u015f yava\u015f yerini de\u011fi\u015ftirdi\u011fini g\u00f6rmekteyiz. Etik d\u00fc\u015f\u00fcnmek, etik duyarl\u0131k eksenlerinde ya\u015famlar\u0131m\u0131z\u0131 y\u00f6netebilmek, bu kapsamda do\u011fru davran\u0131\u015f ve tutumlar\u0131 sergileyebilmek olduk\u00e7a \u00f6nemli\u201d diye konu\u015ftu.<\/p>\n<p>\u201c\u0130nsan olabilmek, ba\u015fkas\u0131n\u0131 anlayabilmek demek\u201d<br \/>\n<br \/>\u201c\u0130nsanlar\u0131n iyili\u011fini d\u00fc\u015f\u00fcnmek, g\u00f6nenci i\u00e7in u\u011fra\u015fmak, onlar\u0131n onurunu koruyacak \u015fekilde davranmak, onlara zarar vermeyen s\u00fcre\u00e7ler i\u00e7erisinde yer almak ve \u00f6zellikle merhamet, vicdan kavramlar\u0131 ekseninde ya\u015famlar\u0131m\u0131z\u0131 \u015fekillendirebilmek \u00e7ok \u00f6nemli\u201d diyen Ak\u0131n, \u015funlar\u0131 kaydetti:<br \/>\n<br \/>\u201cYa\u015fad\u0131\u011f\u0131m\u0131z ac\u0131 olay\u0131n etkilerinde bireysel sorumluluklar\u0131m\u0131z\u0131n fark\u0131na varmak kadar sonras\u0131nda da nas\u0131l davrand\u0131\u011f\u0131m\u0131z olduk\u00e7a \u00f6nem arz etmekte. B\u00f6ylesi ya\u015fanm\u0131\u015f bir ac\u0131 olay\u0131n ard\u0131ndan hala ya\u015famlar\u0131n belli noktalarda akabinde devam etmesi, zihinlerimizde baz\u0131 soru i\u015faretlerini de beraberinde getirmi\u015ftir. \u00c7\u00fcnk\u00fc duymak, ac\u0131y\u0131 anlamak, fark\u0131na varmak, sezmek, yorumlayabilmek ve ona g\u00f6re ya\u015fam \u015feklini en az\u0131ndan belli bir s\u00fcre\u00e7 dahilinde, ard\u0131ndan geli\u015fen belli g\u00fcnler dahilinde y\u00f6netmek olduk\u00e7a \u00f6nem kazanmaktad\u0131r. \u00c7\u00fcnk\u00fc ancak o zaman ger\u00e7ekten insan olabiliyorsunuz. \u0130nsan olabilmek demek ba\u015fkas\u0131n\u0131 anlayabilmek, ac\u0131s\u0131na sessiz kalamamak, onu duyabilmek demek. Tam da bu noktada oldu\u011funuzda \u00f6zellikle merhamet, vicdan s\u00fczgecinden ge\u00e7irdi\u011finiz noktada etik d\u00fc\u015f\u00fcn\u00fc\u015fe y\u00f6nelmi\u015f oluyorsunuz. Bu konu\u015ftu\u011fumuz konular asl\u0131nda g\u00fcndeme dahi gelmemi\u015f olabilmekte.\u201d<\/p>\n<p>\u201cBizleri \u00fczen farkl\u0131 davran\u0131\u015f ve tutumlar olabilmekte\u201d<br \/>\n<br \/>Toplumda ayn\u0131 zamanda etik d\u00fc\u015f\u00fcn\u00fc\u015fe sahip, etik tutum i\u00e7erisinde davran\u0131\u015flar\u0131n\u0131 y\u00f6nlendiren bireylerin iyili\u011fini \u00f6nemseyen ki\u015filerin de bulundu\u011funu aktaran Ak\u0131n, \u201cFakat zaman zaman, her toplumda olabildi\u011fi gibi bizim i\u00e7imizde de \u00f6zellikle belki 21. y\u00fczy\u0131l\u0131n t\u00fcm d\u00fcnya \u00fczerinde getirdi\u011fi etkilerden dolay\u0131 farkl\u0131 d\u00fc\u015f\u00fcn\u00fc\u015fler, farkl\u0131 yakla\u015f\u0131mlar, hatta bizleri \u00fczen, g\u00f6rd\u00fc\u011f\u00fcm\u00fczde anlamland\u0131ramad\u0131\u011f\u0131m\u0131z ne yaz\u0131k ki davran\u0131\u015f ve tutumlar olabilmekte. De\u011ferler \u00f6\u011fretiminin yeniden ele al\u0131nmas\u0131, etik ilke ve de\u011ferler do\u011frultusunda ya\u015faman\u0131n \u00f6neminin ortaya konulmas\u0131 ka\u00e7\u0131n\u0131lmazd\u0131r. \u00c7\u00fcnk\u00fc etik; \u2018Mutlak iyi nedir? Mutlak do\u011fru nedir? Ne ile imkanl\u0131d\u0131r? Do\u011fruya ve iyili\u011fe y\u00f6nelmek neden anlaml\u0131d\u0131r?\u2019 Bunu inceleyen bir disiplindir\u201d a\u00e7\u0131klamalar\u0131na yer verdi.<\/p>\n<p>Etikle k\u00fc\u00e7\u00fck ya\u015fta bulu\u015fman\u0131n \u00f6nemine vurgu<br \/>\n<br \/>Prof. Dr. Esra Ak\u0131n, s\u00f6zlerine \u015fu \u015fekilde devam etti:<br \/>\n<br \/>\u201c\u00c7ok k\u00fc\u00e7\u00fck ya\u015flardan itibaren etikle bulu\u015ftu\u011fumuzda, etik ilke ve de\u011ferlerin \u00f6nemini idrak etti\u011fimizde, de\u011ferler \u00f6\u011fretimimiz ger\u00e7ekle\u015fti\u011finde, \u00f6zellikle \u2018neyi neden yapmal\u0131y\u0131m?\u2019 ya da \u2018yapmamal\u0131y\u0131m\u2019 d\u00fc\u015f\u00fcncesini i\u00e7selle\u015ftirdi\u011fimizde ve bir olay kar\u015f\u0131s\u0131nda herhangi bir davran\u0131\u015f\u0131m\u0131za karar verirken, vicdan\u0131m\u0131z\u0131n \u00f6nemini ortaya koydu\u011fumuzda, bunlar\u0131n anlaml\u0131l\u0131\u011f\u0131na inand\u0131\u011f\u0131m\u0131zda zaten farkl\u0131 boyutlarda farkl\u0131 ba\u015fl\u0131klar \u00fczerine odaklanaca\u011f\u0131z. Devam eden kayak s\u00fcre\u00e7lerini ya da deprem felaketi gibi \u00fclkemizi \u00e7ok derinden etkileyen ya\u015fad\u0131\u011f\u0131m\u0131z olay sonras\u0131 insan davran\u0131\u015f\u0131na belki de yak\u0131\u015ft\u0131ramad\u0131\u011f\u0131m\u0131z davran\u0131\u015flar\u0131 konu\u015fmuyor olaca\u011f\u0131z. Fark\u0131na varmak, eti\u011fe y\u00f6nelmek, etik d\u00fc\u015f\u00fcnmenin \u00f6nemini alg\u0131latmak ve \u00e7ok k\u00fc\u00e7\u00fck ya\u015flarda bir e\u011fitim sistemi i\u00e7erisinde olabilmek ger\u00e7ekten \u00e7ok \u00f6nemli.\u201d<\/p>\n<p>\u2018Ba\u015fkalar\u0131n\u0131n iyili\u011fine odaklanmak\u2019<br \/>\n<br \/>Ya\u015fam i\u00e7erisinde farkl\u0131 olaylar ve durumlarla kar\u015f\u0131 kar\u015f\u0131ya kal\u0131nabildi\u011fini de ifade eden Ak\u0131n, \u201cHer zaman bizi mutlu eden, bizi sevindiren durumlar de\u011fil ac\u0131 veren, \u00fcz\u00fcnt\u00fc veren belki ciddi anlamda yas s\u00fcreci i\u00e7erisinde kalmam\u0131za neden olan durumlarla kar\u015f\u0131 kar\u015f\u0131ya kalabilmekteyiz. Her ne \u015fart olursa olsun, insan oldu\u011fumuzu unutmamak ve i\u00e7inde bulundu\u011fumuz zorlu durumlardan, karanl\u0131k g\u00fcnlerden ayd\u0131nl\u0131\u011fa \u00e7\u0131kmam\u0131z\u0131n belki de en \u00f6nemli bile\u015fenin \u2018insan \u00f6z\u00fcne yak\u0131\u015f\u0131r kavramlar ekseninde davranmak\u2019 oldu\u011funu hat\u0131rlamak ve bunlar do\u011frultusunda sadece bireyselli\u011fimizi de\u011fil, ba\u015fkalar\u0131n\u0131n da iyili\u011fi \u00fczerine odaklanarak ya\u015famlar\u0131m\u0131z\u0131 devam ettirmek, bizleri anlaml\u0131 k\u0131lacak. B\u00f6ylesi zorluklardan \u00e7\u0131kartacakt\u0131r diye d\u00fc\u015f\u00fcn\u00fcyorum. Bu s\u00fcreci y\u00f6netirken de bireyler toplumu olu\u015fturur. Bireylerin o k\u0131ymetli de\u011fi\u015fim ve d\u00f6n\u00fc\u015f\u00fcm s\u00fcreci toplumun da bu kapsamda sa\u011fduyu kazanmas\u0131na, iyili\u011fe y\u00f6nelmesine neden olacakt\u0131r. Bireysel sorumluluklar\u0131m\u0131z olduk\u00e7a \u00f6nemli. Eti\u011fe ula\u015fmak, etikle beraber yol almak bizi besleyecek, de\u011fi\u015ftirecek ve d\u00f6n\u00fc\u015ft\u00fcrecektir. Do\u011fruluk ve iyilik etik ekseninde \u015fekillendi\u011fi i\u00e7in ve merkezine insan onurunu alan yakla\u015f\u0131mlarla beraber yolculu\u011fumuza devam etmek olduk\u00e7a \u00f6nemlidir\u201d ifadelerini kulland\u0131.<br \/><\/p>\n","protected":false},"excerpt":{"rendered":"<p>\u0130zmir Katip \u00c7elebi \u00dcniversitesi Sa\u011fl\u0131k Bilimleri Fak\u00fcltesi \u00d6\u011fretim \u00dcyesi ve Akademide Etik Derne\u011fi Ba\u015fkan\u0131 Prof. Dr. Esra Ak\u0131n, \u201cDuymak, ac\u0131y\u0131 anlamak, fark\u0131na varmak, sezmek, yorumlayabilmek ve ona g\u00f6re ya\u015fam \u015feklini y\u00f6netmek olduk\u00e7a \u00f6nemli. \u00c7\u00fcnk\u00fc ancak o zaman ger\u00e7ekten insan olabiliyoruz. \u0130nsan olabilmek demek ba\u015fkas\u0131n\u0131 anlayabilmek, ac\u0131s\u0131na sessiz kalamamak, onu duyabilmek demek\u201d dedi. Bolu Kartalkaya Kayak&#8230;<\/p>\n","protected":false},"author":1,"featured_media":13157,"comment_status":"open","ping_status":"open","sticky":false,"template":"","format":"standard","meta":{"_crdt_document":"","footnotes":""},"categories":[1],"tags":[],"class_list":["post-13156","post","type-post","status-publish","format-standard","has-post-thumbnail","hentry","category-guncel"],"_links":{"self":[{"href":"https:\/\/www.egemtv.com\/index.php?rest_route=\/wp\/v2\/posts\/13156","targetHints":{"allow":["GET"]}}],"collection":[{"href":"https:\/\/www.egemtv.com\/index.php?rest_route=\/wp\/v2\/posts"}],"about":[{"href":"https:\/\/www.egemtv.com\/index.php?rest_route=\/wp\/v2\/types\/post"}],"author":[{"embeddable":true,"href":"https:\/\/www.egemtv.com\/index.php?rest_route=\/wp\/v2\/users\/1"}],"replies":[{"embeddable":true,"href":"https:\/\/www.egemtv.com\/index.php?rest_route=%2Fwp%2Fv2%2Fcomments&post=13156"}],"version-history":[{"count":1,"href":"https:\/\/www.egemtv.com\/index.php?rest_route=\/wp\/v2\/posts\/13156\/revisions"}],"predecessor-version":[{"id":13158,"href":"https:\/\/www.egemtv.com\/index.php?rest_route=\/wp\/v2\/posts\/13156\/revisions\/13158"}],"wp:featuredmedia":[{"embeddable":true,"href":"https:\/\/www.egemtv.com\/index.php?rest_route=\/wp\/v2\/media\/13157"}],"wp:attachment":[{"href":"https:\/\/www.egemtv.com\/index.php?rest_route=%2Fwp%2Fv2%2Fmedia&parent=13156"}],"wp:term":[{"taxonomy":"category","embeddable":true,"href":"https:\/\/www.egemtv.com\/index.php?rest_route=%2Fwp%2Fv2%2Fcategories&post=13156"},{"taxonomy":"post_tag","embeddable":true,"href":"https:\/\/www.egemtv.com\/index.php?rest_route=%2Fwp%2Fv2%2Ftags&post=13156"}],"curies":[{"name":"wp","href":"https:\/\/api.w.org\/{rel}","templated":true}]}}