{"id":13153,"date":"2025-01-28T15:04:39","date_gmt":"2025-01-28T12:04:39","guid":{"rendered":"https:\/\/www.egemtv.com\/?p=13153"},"modified":"2025-01-28T15:04:41","modified_gmt":"2025-01-28T12:04:41","slug":"manisada-papatyalar-da-acti","status":"publish","type":"post","link":"https:\/\/www.egemtv.com\/?p=13153","title":{"rendered":"Manisa\u2019da papatyalar da a\u00e7t\u0131"},"content":{"rendered":"<p>Manisa\u2019n\u0131n Sar\u0131g\u00f6l il\u00e7esinde \u00e7ok say\u0131da meyve a\u011fac\u0131n\u0131n \u00e7i\u00e7ek a\u00e7mas\u0131 ve ba\u011flar\u0131n yaprak g\u00f6zlerinin patlamas\u0131n\u0131n ard\u0131ndan \u015fimdi de bahar\u0131n m\u00fcjdecisi olan papatyalar \u00e7i\u00e7ek a\u00e7t\u0131.<br \/>\n<br \/>Ge\u00e7ti\u011fimiz g\u00fcnlerde \u00e7evredeki erik, badem ve kay\u0131s\u0131 a\u011fa\u00e7lar\u0131n\u0131n \u00e7i\u00e7ek a\u00e7mas\u0131ndan sonradan sonra \u015fimdi de bahar\u0131n m\u00fcjdecisi olarak bilinen papatyalar\u0131n a\u00e7mas\u0131 il\u00e7ede adeta yalanc\u0131 bahar ya\u015fanmas\u0131na neden oldu. Ba\u011f ve bah\u00e7elerinde k\u0131\u015fl\u0131k \u00e7al\u0131\u015fmalar\u0131n\u0131 yapan \u00e7ift\u00e7iler adeta bahar havas\u0131nda \u00e7al\u0131\u015fmalar\u0131n\u0131 y\u00fcr\u00fct\u00fcyor.<br \/>\n<br \/>\u00dcz\u00fcm ba\u011f\u0131nda ba\u011flar\u0131n\u0131n iplerini kesen Emcelli Mahallesinden Ferg\u00fcl Sar\u0131, &#8220;Ba\u011f\u0131m\u0131z\u0131n budama \u00f6ncesi budaklar\u0131n ba\u011fl\u0131 oldu\u011fu iplerini keserken a\u00e7an papatyalar dikkatimi \u00e7ekti. Adeta \u2019bahar erken geldi\u2019 dedim oysa bunlar yalanc\u0131 bahar. Buralarda \u015fubat ve mart aylar\u0131nda a\u015f\u0131r\u0131 so\u011fuk olur. \u00c7evrede meyve a\u011fa\u00e7lar\u0131 \u00e7i\u00e7ek a\u00e7t\u0131 \u015fimdide papatyalar a\u00e7t\u0131. \u0130\u015fimizi bahar havas\u0131nda yap\u0131yoruz ama iklimin de\u011fi\u015fmesinden dolay\u0131 korkuyoruz.&#8221; diyerek endi\u015fesini ifade etti.<br \/><\/p>\n","protected":false},"excerpt":{"rendered":"<p>Manisa\u2019n\u0131n Sar\u0131g\u00f6l il\u00e7esinde \u00e7ok say\u0131da meyve a\u011fac\u0131n\u0131n \u00e7i\u00e7ek a\u00e7mas\u0131 ve ba\u011flar\u0131n yaprak g\u00f6zlerinin patlamas\u0131n\u0131n ard\u0131ndan \u015fimdi de bahar\u0131n m\u00fcjdecisi olan papatyalar \u00e7i\u00e7ek a\u00e7t\u0131. Ge\u00e7ti\u011fimiz g\u00fcnlerde \u00e7evredeki erik, badem ve kay\u0131s\u0131 a\u011fa\u00e7lar\u0131n\u0131n \u00e7i\u00e7ek a\u00e7mas\u0131ndan sonradan sonra \u015fimdi de bahar\u0131n m\u00fcjdecisi olarak bilinen papatyalar\u0131n a\u00e7mas\u0131 il\u00e7ede adeta yalanc\u0131 bahar ya\u015fanmas\u0131na neden oldu. Ba\u011f ve bah\u00e7elerinde k\u0131\u015fl\u0131k \u00e7al\u0131\u015fmalar\u0131n\u0131&#8230;<\/p>\n","protected":false},"author":1,"featured_media":13154,"comment_status":"open","ping_status":"open","sticky":false,"template":"","format":"standard","meta":{"_crdt_document":"","footnotes":""},"categories":[1],"tags":[],"class_list":["post-13153","post","type-post","status-publish","format-standard","has-post-thumbnail","hentry","category-guncel"],"_links":{"self":[{"href":"https:\/\/www.egemtv.com\/index.php?rest_route=\/wp\/v2\/posts\/13153","targetHints":{"allow":["GET"]}}],"collection":[{"href":"https:\/\/www.egemtv.com\/index.php?rest_route=\/wp\/v2\/posts"}],"about":[{"href":"https:\/\/www.egemtv.com\/index.php?rest_route=\/wp\/v2\/types\/post"}],"author":[{"embeddable":true,"href":"https:\/\/www.egemtv.com\/index.php?rest_route=\/wp\/v2\/users\/1"}],"replies":[{"embeddable":true,"href":"https:\/\/www.egemtv.com\/index.php?rest_route=%2Fwp%2Fv2%2Fcomments&post=13153"}],"version-history":[{"count":1,"href":"https:\/\/www.egemtv.com\/index.php?rest_route=\/wp\/v2\/posts\/13153\/revisions"}],"predecessor-version":[{"id":13155,"href":"https:\/\/www.egemtv.com\/index.php?rest_route=\/wp\/v2\/posts\/13153\/revisions\/13155"}],"wp:featuredmedia":[{"embeddable":true,"href":"https:\/\/www.egemtv.com\/index.php?rest_route=\/wp\/v2\/media\/13154"}],"wp:attachment":[{"href":"https:\/\/www.egemtv.com\/index.php?rest_route=%2Fwp%2Fv2%2Fmedia&parent=13153"}],"wp:term":[{"taxonomy":"category","embeddable":true,"href":"https:\/\/www.egemtv.com\/index.php?rest_route=%2Fwp%2Fv2%2Fcategories&post=13153"},{"taxonomy":"post_tag","embeddable":true,"href":"https:\/\/www.egemtv.com\/index.php?rest_route=%2Fwp%2Fv2%2Ftags&post=13153"}],"curies":[{"name":"wp","href":"https:\/\/api.w.org\/{rel}","templated":true}]}}