{"id":13111,"date":"2025-01-28T14:04:24","date_gmt":"2025-01-28T11:04:24","guid":{"rendered":"https:\/\/www.egemtv.com\/?p=13111"},"modified":"2025-01-28T14:04:26","modified_gmt":"2025-01-28T11:04:26","slug":"baskan-unsal-cesme-otelleri-yangina-karsi-tedbirli-ve-duyarli","status":"publish","type":"post","link":"https:\/\/www.egemtv.com\/?p=13111","title":{"rendered":"Ba\u015fkan \u00dcnsal: &#8220;\u00c7e\u015fme otelleri yang\u0131na kar\u015f\u0131 tedbirli ve duyarl\u0131&#8221;"},"content":{"rendered":"<p>Bolu Kartalkaya\u2019da ya\u015fanan yang\u0131n felaketinin ard\u0131ndan bir a\u00e7\u0131klama yapan Ala\u00e7at\u0131 Turizm Derne\u011fi Ba\u015fkan\u0131 Kerem \u00dcnsal, turizm b\u00f6lgelerindeki yang\u0131n \u00f6nlemlerine dikkat \u00e7ekeek, \u00c7e\u015fme\u2019de otel y\u00f6neticilerinin son derece profesyonel ve duyarl\u0131 oldu\u011funu ifade etti. \u00dcnsal, turistik i\u015fletmelerde ve otellerde \u00f6zellikle \u00e7al\u0131\u015fan e\u011fitimi ve teknik bak\u0131m konular\u0131nda tedbirlerin \u00f6nemli oldu\u011funu s\u00f6yledi.<br \/>\n<br \/>Kerem \u00dcnsal, \u00c7e\u015fme\u2019deki turistik otellerin yang\u0131n \u00f6nlemleri konusunda hassas olduklar\u0131n\u0131 belirtti. \u00dcnsal, \u201cB\u00f6lgedeki otel y\u00f6neticileri son derece profesyonel ve duyarl\u0131. Yang\u0131n \u00f6nlemleri konusunda gerekli t\u00fcm tedbirleri al\u0131yorlar. \u00c7E\u015eTOB Ba\u015fkan\u0131 Orhan Belge de s\u0131k s\u0131k denetlendiklerini ifade etti. Ancak denetlenmeseler bile \u015fu ana kadar her zaman gereken hassasiyeti g\u00f6sterdiklerini biliyoruz\u201d dedi.<br \/>\n<br \/>Ala\u00e7at\u0131 b\u00f6lgesindeki baz\u0131 i\u015fletmelerin, yang\u0131n g\u00fcvenli\u011fi konusunda kendi istekleriyle profesyonel denetim yapt\u0131rd\u0131klar\u0131n\u0131 da belirten \u00dcnsal, \u201cCebinden para harcayarak i\u015fletmesini denetleten \u00e7ok say\u0131da i\u015fletmecimiz var. Bu bilin\u00e7, hepimiz i\u00e7in gurur verici\u201d ifadelerini kulland\u0131.<\/p>\n<p>Belediye ruhsat verirken yang\u0131n g\u00fcvenli\u011fine \u00f6ncelik veriyor<br \/>\n<br \/>Yang\u0131n g\u00fcvenli\u011fi konusunun belediyenin de \u00f6ncelikli g\u00fcndemlerinden biri oldu\u011funu belirten \u00dcnsal, ruhsat al\u0131m\u0131 ve yenileme s\u00fcre\u00e7lerinde yang\u0131n raporunun titizlikle incelendi\u011fini ifade etti. \u201cBelediyemiz, bir i\u015fletmenin ruhsat almas\u0131 i\u00e7in t\u00fcm belgeleri tam olsa bile yang\u0131n g\u00fcvenli\u011fi ile ilgili bir eksi\u011fi varsa ruhsat\u0131 onaylam\u0131yor. Bu konuda son derece hassas davran\u0131l\u0131yor\u201d diye konu\u015ftu.<br \/>\n<br \/>\u00dcnsal, otel ve i\u015fletme sahiplerine seslenerek yang\u0131nla ilgili t\u00fcm \u00f6nlemleri tekrar g\u00f6zden ge\u00e7irmelerini, personellerine yang\u0131n e\u011fitimi vermelerini ve otellerde konaklayan misafirlerin can g\u00fcvenli\u011fini azami \u00f6l\u00e7\u00fclerde sa\u011flamalar\u0131 gerekti\u011fini vurgulad\u0131.<\/p>\n<p>\u201cMisafirler de duyarl\u0131 olmal\u0131\u201d<br \/>\n<br \/>Yang\u0131n g\u00fcvenli\u011fi konusunda sadece i\u015fletme sahiplerinin de\u011fil, otel misafirlerinin de \u00f6zenli davranmas\u0131 gerekti\u011fini belirten \u00dcnsal, odalarda sigara kullan\u0131m\u0131na dikkat \u00e7ekti. \u00dcnsal, \u201cBaz\u0131 misafirler, odalar\u0131nda sigara i\u00e7meye kalk\u0131yor ve duman dedekt\u00f6rleri devreye giriyor. Ancak baz\u0131 i\u015fletmeciler, di\u011fer misafirlerin rahats\u0131z olmamas\u0131 i\u00e7in alarm sistemlerini devre d\u0131\u015f\u0131 b\u0131rakabiliyor. Hatta tamamen iptal eden i\u015fletmeler bile var. Bu durum b\u00fcy\u00fck bir risk. Hem i\u015fletmeciler hem de misafirler bu konuda daha bilin\u00e7li olmal\u0131\u201d diye vurgulad\u0131.<\/p>\n<p>Mutfaklardaki yang\u0131n riskine dikkat<br \/>\n<br \/>Otel ve restoran mutfaklar\u0131ndaki yang\u0131n risklerine de dikkat \u00e7eken Kerem \u00dcnsal, yanan ya\u011f\u0131 suyla s\u00f6nd\u00fcrme giri\u015fimlerinin ciddi tehlikelere yol a\u00e7abilece\u011fini belirtti. \u00dcnsal, \u201cYanan ya\u011flar\u0131 suyla s\u00f6nd\u00fcrmeye \u00e7al\u0131\u015fmak patlamalara neden olabilir. Bu nedenle \u00f6zel yang\u0131n s\u00f6nd\u00fcrme kimyasallar\u0131n\u0131n kullan\u0131lmas\u0131 gerekiyor. Ayr\u0131ca mutfak personelinin bu konuda mutlaka e\u011fitim almas\u0131 \u015fart\u201d dedi.<br \/>\n<br \/>Elektrik kaynakl\u0131 yang\u0131nlarda su kullan\u0131lmas\u0131n\u0131n daha b\u00fcy\u00fck felaketlere yol a\u00e7abilece\u011fini vurgulayan \u00dcnsal, elektrik yang\u0131nlar\u0131n\u0131 s\u00f6nd\u00fcrmek i\u00e7in \u00f6zel s\u00f6nd\u00fcrme sistemlerinin bulundu\u011funu hat\u0131rlatt\u0131. Elektrik tesisatlar\u0131ndaki yetersizlik ve a\u015f\u0131r\u0131 y\u00fcklenmenin yang\u0131nlar\u0131n ba\u015fl\u0131ca nedenlerinden biri oldu\u011funa dikkat \u00e7ekti.<br \/>\n<br \/>Yang\u0131n g\u00fcvenli\u011fi konusunda toplumsal bilincin artmas\u0131 gerekti\u011fini belirten Kerem \u00dcnsal, Ala\u00e7at\u0131 Turizm Derne\u011fi olarak uzman firmalarla i\u015fbirli\u011fi yapacaklar\u0131n\u0131 ve dernek \u00fcyelerine e\u011fitim toplant\u0131lar\u0131 d\u00fczenleyeceklerini a\u00e7\u0131klad\u0131. \u00dcnsal, \u201cYang\u0131n \u00f6nlemleri, i\u015f g\u00fcvenli\u011fi ve hijyen konular\u0131nda duyarl\u0131l\u0131k yaratmak \u00f6ncelikli hedefimiz. \u00dcye i\u015fletmelerimizin standartlara uygun hale gelmesi i\u00e7in gerekli t\u00fcm ad\u0131mlar\u0131 ataca\u011f\u0131z\u201d dedi.<br \/><\/p>\n","protected":false},"excerpt":{"rendered":"<p>Bolu Kartalkaya\u2019da ya\u015fanan yang\u0131n felaketinin ard\u0131ndan bir a\u00e7\u0131klama yapan Ala\u00e7at\u0131 Turizm Derne\u011fi Ba\u015fkan\u0131 Kerem \u00dcnsal, turizm b\u00f6lgelerindeki yang\u0131n \u00f6nlemlerine dikkat \u00e7ekeek, \u00c7e\u015fme\u2019de otel y\u00f6neticilerinin son derece profesyonel ve duyarl\u0131 oldu\u011funu ifade etti. \u00dcnsal, turistik i\u015fletmelerde ve otellerde \u00f6zellikle \u00e7al\u0131\u015fan e\u011fitimi ve teknik bak\u0131m konular\u0131nda tedbirlerin \u00f6nemli oldu\u011funu s\u00f6yledi. Kerem \u00dcnsal, \u00c7e\u015fme\u2019deki turistik otellerin yang\u0131n \u00f6nlemleri&#8230;<\/p>\n","protected":false},"author":1,"featured_media":13112,"comment_status":"open","ping_status":"open","sticky":false,"template":"","format":"standard","meta":{"_crdt_document":"","footnotes":""},"categories":[1],"tags":[],"class_list":["post-13111","post","type-post","status-publish","format-standard","has-post-thumbnail","hentry","category-guncel"],"_links":{"self":[{"href":"https:\/\/www.egemtv.com\/index.php?rest_route=\/wp\/v2\/posts\/13111","targetHints":{"allow":["GET"]}}],"collection":[{"href":"https:\/\/www.egemtv.com\/index.php?rest_route=\/wp\/v2\/posts"}],"about":[{"href":"https:\/\/www.egemtv.com\/index.php?rest_route=\/wp\/v2\/types\/post"}],"author":[{"embeddable":true,"href":"https:\/\/www.egemtv.com\/index.php?rest_route=\/wp\/v2\/users\/1"}],"replies":[{"embeddable":true,"href":"https:\/\/www.egemtv.com\/index.php?rest_route=%2Fwp%2Fv2%2Fcomments&post=13111"}],"version-history":[{"count":1,"href":"https:\/\/www.egemtv.com\/index.php?rest_route=\/wp\/v2\/posts\/13111\/revisions"}],"predecessor-version":[{"id":13113,"href":"https:\/\/www.egemtv.com\/index.php?rest_route=\/wp\/v2\/posts\/13111\/revisions\/13113"}],"wp:featuredmedia":[{"embeddable":true,"href":"https:\/\/www.egemtv.com\/index.php?rest_route=\/wp\/v2\/media\/13112"}],"wp:attachment":[{"href":"https:\/\/www.egemtv.com\/index.php?rest_route=%2Fwp%2Fv2%2Fmedia&parent=13111"}],"wp:term":[{"taxonomy":"category","embeddable":true,"href":"https:\/\/www.egemtv.com\/index.php?rest_route=%2Fwp%2Fv2%2Fcategories&post=13111"},{"taxonomy":"post_tag","embeddable":true,"href":"https:\/\/www.egemtv.com\/index.php?rest_route=%2Fwp%2Fv2%2Ftags&post=13111"}],"curies":[{"name":"wp","href":"https:\/\/api.w.org\/{rel}","templated":true}]}}