{"id":13108,"date":"2025-01-28T13:57:57","date_gmt":"2025-01-28T10:57:57","guid":{"rendered":"https:\/\/www.egemtv.com\/?p=13108"},"modified":"2025-01-28T13:58:00","modified_gmt":"2025-01-28T10:58:00","slug":"kayadan-turkiye-pist-sampiyonasinda-buyuk-basari","status":"publish","type":"post","link":"https:\/\/www.egemtv.com\/?p=13108","title":{"rendered":"Kaya\u2019dan T\u00fcrkiye Pist \u015fampiyonas\u0131nda b\u00fcy\u00fck ba\u015far\u0131"},"content":{"rendered":"<p>T\u00fcrkiye Otomobil Sporlar\u0131 Federasyonu (TOSFED), 2025 y\u0131l\u0131na Zorlu Performans Sanatlar\u0131 Merkezi\u2019nde d\u00fczenlenen gala gecesinde, 2024 y\u0131l\u0131nda d\u00fczenlenen 8 ulusal \u015fampiyona ve 3 kupada dereceye giren sporculara \u00f6d\u00fcllerinin takdim edildi\u011fi gecede; Azka Group Y\u00f6netim Kurulu \u00dcyesi ve \u0130\u015f \u0130nsan\u0131 Azizhan Kaya da \u00f6d\u00fcl\u00fcn\u00fc ald\u0131.<br \/>\n<br \/>Azka Group Y\u00f6netim Kurulu Ba\u015fkan\u0131 B\u00fclent Kaya o\u011flu Azizhan Kaya\u2019y\u0131 anlaml\u0131 gecede yaln\u0131z b\u0131rakmayarak \u00f6d\u00fcl t\u00f6renine birlikte kat\u0131ld\u0131lar. Avis T\u00fcrkiye Pist \u015eampiyonas\u0131\u2019nda T\u00fcrkiye \u00fc\u00e7\u00fcnc\u00fcl\u00fc\u011f\u00fc elde ederek b\u00fcy\u00fck bir ba\u015far\u0131ya imza atan Azizhan Kaya, babas\u0131n\u0131n kendisini k\u00fc\u00e7\u00fck ya\u015flardan itibaren bu konuda destekledi\u011fini s\u00f6yleyerek, bu ba\u015far\u0131s\u0131nda \u00e7ok \u00f6nemli pay\u0131 oldu\u011funu vurgulad\u0131. B\u00fclent Kaya da o\u011flunun azmini ve ba\u015far\u0131s\u0131n\u0131 her zaman takdir etti\u011fini bu konuda \u00f6n\u00fcn\u00fcn a\u00e7\u0131k oldu\u011funu s\u00f6yledi. B\u00fclent Kaya o\u011flunun \u00f6n\u00fcm\u00fczdeki y\u0131llarda bu ba\u015far\u0131s\u0131n\u0131 uluslararas\u0131 alanlarda da kan\u0131tlayaca\u011f\u0131ndan \u015f\u00fcphesinin olmad\u0131\u011f\u0131n\u0131 belirtti.<br \/>\n<br \/>Kaya, \u00f6d\u00fcl\u00fcn\u00fc ekip arkada\u015flar\u0131yla birlikte al\u0131rken, pistte oldu\u011fu kadar i\u015f d\u00fcnyas\u0131ndaki ba\u015far\u0131s\u0131yla da dikkat \u00e7ekiyor.<br \/><\/p>\n","protected":false},"excerpt":{"rendered":"<p>T\u00fcrkiye Otomobil Sporlar\u0131 Federasyonu (TOSFED), 2025 y\u0131l\u0131na Zorlu Performans Sanatlar\u0131 Merkezi\u2019nde d\u00fczenlenen gala gecesinde, 2024 y\u0131l\u0131nda d\u00fczenlenen 8 ulusal \u015fampiyona ve 3 kupada dereceye giren sporculara \u00f6d\u00fcllerinin takdim edildi\u011fi gecede; Azka Group Y\u00f6netim Kurulu \u00dcyesi ve \u0130\u015f \u0130nsan\u0131 Azizhan Kaya da \u00f6d\u00fcl\u00fcn\u00fc ald\u0131. Azka Group Y\u00f6netim Kurulu Ba\u015fkan\u0131 B\u00fclent Kaya o\u011flu Azizhan Kaya\u2019y\u0131 anlaml\u0131 gecede&#8230;<\/p>\n","protected":false},"author":1,"featured_media":13109,"comment_status":"open","ping_status":"open","sticky":false,"template":"","format":"standard","meta":{"_crdt_document":"","footnotes":""},"categories":[4],"tags":[],"class_list":["post-13108","post","type-post","status-publish","format-standard","has-post-thumbnail","hentry","category-spor"],"_links":{"self":[{"href":"https:\/\/www.egemtv.com\/index.php?rest_route=\/wp\/v2\/posts\/13108","targetHints":{"allow":["GET"]}}],"collection":[{"href":"https:\/\/www.egemtv.com\/index.php?rest_route=\/wp\/v2\/posts"}],"about":[{"href":"https:\/\/www.egemtv.com\/index.php?rest_route=\/wp\/v2\/types\/post"}],"author":[{"embeddable":true,"href":"https:\/\/www.egemtv.com\/index.php?rest_route=\/wp\/v2\/users\/1"}],"replies":[{"embeddable":true,"href":"https:\/\/www.egemtv.com\/index.php?rest_route=%2Fwp%2Fv2%2Fcomments&post=13108"}],"version-history":[{"count":1,"href":"https:\/\/www.egemtv.com\/index.php?rest_route=\/wp\/v2\/posts\/13108\/revisions"}],"predecessor-version":[{"id":13110,"href":"https:\/\/www.egemtv.com\/index.php?rest_route=\/wp\/v2\/posts\/13108\/revisions\/13110"}],"wp:featuredmedia":[{"embeddable":true,"href":"https:\/\/www.egemtv.com\/index.php?rest_route=\/wp\/v2\/media\/13109"}],"wp:attachment":[{"href":"https:\/\/www.egemtv.com\/index.php?rest_route=%2Fwp%2Fv2%2Fmedia&parent=13108"}],"wp:term":[{"taxonomy":"category","embeddable":true,"href":"https:\/\/www.egemtv.com\/index.php?rest_route=%2Fwp%2Fv2%2Fcategories&post=13108"},{"taxonomy":"post_tag","embeddable":true,"href":"https:\/\/www.egemtv.com\/index.php?rest_route=%2Fwp%2Fv2%2Ftags&post=13108"}],"curies":[{"name":"wp","href":"https:\/\/api.w.org\/{rel}","templated":true}]}}