{"id":13105,"date":"2025-01-28T13:55:00","date_gmt":"2025-01-28T10:55:00","guid":{"rendered":"https:\/\/www.egemtv.com\/?p=13105"},"modified":"2025-01-28T13:55:03","modified_gmt":"2025-01-28T10:55:03","slug":"baskan-cercioglu-italyan-konsolos-bianchi-ve-baskan-marasi-agirladi","status":"publish","type":"post","link":"https:\/\/www.egemtv.com\/?p=13105","title":{"rendered":"Ba\u015fkan \u00c7er\u00e7io\u011flu \u0130talyan Konsolos Bianchi ve Ba\u015fkan Mara\u015f\u2019\u0131 a\u011f\u0131rlad\u0131"},"content":{"rendered":"<p>Ayd\u0131n B\u00fcy\u00fck\u015fehir Belediye Ba\u015fkan\u0131 \u00d6zlem \u00c7er\u00e7io\u011flu\u2019na, \u0130talya\u2019n\u0131n \u0130zmir Konsolosu Daniele Bianchi ve Ayd\u0131n Sanayi Odas\u0131 Y\u00f6netim Kurulu Ba\u015fkan\u0131 G\u00f6khan Mara\u015f nezaket ziyaretinde bulundu.<\/p>\n<p>Ziyarette, Ayd\u0131n ve \u0130talya\u2019n\u0131n turizm ve sanayi alanlar\u0131nda i\u015f birli\u011finin devam ettirilmesi i\u00e7in g\u00f6r\u00fc\u015f al\u0131\u015fveri\u015finde bulunuldu ve \u0130talya\u2019ya bir ziyaret planland\u0131. Bianchi ve Mara\u015f, \u00c7er\u00e7io\u011flu\u2019nu Ayd\u0131n\u2019daki ba\u015far\u0131l\u0131 \u00e7al\u0131\u015fmalar\u0131ndan dolay\u0131 tebrik etti ve ba\u015far\u0131lar\u0131n\u0131n devam\u0131n\u0131 diledi. Ba\u015fkan \u00c7er\u00e7io\u011flu ise Bianchi ve Mara\u015f\u2019a nazik ziyaretleri i\u00e7in te\u015fekk\u00fcr etti.<br \/><\/p>\n","protected":false},"excerpt":{"rendered":"<p>Ayd\u0131n B\u00fcy\u00fck\u015fehir Belediye Ba\u015fkan\u0131 \u00d6zlem \u00c7er\u00e7io\u011flu\u2019na, \u0130talya\u2019n\u0131n \u0130zmir Konsolosu Daniele Bianchi ve Ayd\u0131n Sanayi Odas\u0131 Y\u00f6netim Kurulu Ba\u015fkan\u0131 G\u00f6khan Mara\u015f nezaket ziyaretinde bulundu. Ziyarette, Ayd\u0131n ve \u0130talya\u2019n\u0131n turizm ve sanayi alanlar\u0131nda i\u015f birli\u011finin devam ettirilmesi i\u00e7in g\u00f6r\u00fc\u015f al\u0131\u015fveri\u015finde bulunuldu ve \u0130talya\u2019ya bir ziyaret planland\u0131. Bianchi ve Mara\u015f, \u00c7er\u00e7io\u011flu\u2019nu Ayd\u0131n\u2019daki ba\u015far\u0131l\u0131 \u00e7al\u0131\u015fmalar\u0131ndan dolay\u0131 tebrik etti ve&#8230;<\/p>\n","protected":false},"author":1,"featured_media":13106,"comment_status":"open","ping_status":"open","sticky":false,"template":"","format":"standard","meta":{"_crdt_document":"","footnotes":""},"categories":[1],"tags":[],"class_list":["post-13105","post","type-post","status-publish","format-standard","has-post-thumbnail","hentry","category-guncel"],"_links":{"self":[{"href":"https:\/\/www.egemtv.com\/index.php?rest_route=\/wp\/v2\/posts\/13105","targetHints":{"allow":["GET"]}}],"collection":[{"href":"https:\/\/www.egemtv.com\/index.php?rest_route=\/wp\/v2\/posts"}],"about":[{"href":"https:\/\/www.egemtv.com\/index.php?rest_route=\/wp\/v2\/types\/post"}],"author":[{"embeddable":true,"href":"https:\/\/www.egemtv.com\/index.php?rest_route=\/wp\/v2\/users\/1"}],"replies":[{"embeddable":true,"href":"https:\/\/www.egemtv.com\/index.php?rest_route=%2Fwp%2Fv2%2Fcomments&post=13105"}],"version-history":[{"count":1,"href":"https:\/\/www.egemtv.com\/index.php?rest_route=\/wp\/v2\/posts\/13105\/revisions"}],"predecessor-version":[{"id":13107,"href":"https:\/\/www.egemtv.com\/index.php?rest_route=\/wp\/v2\/posts\/13105\/revisions\/13107"}],"wp:featuredmedia":[{"embeddable":true,"href":"https:\/\/www.egemtv.com\/index.php?rest_route=\/wp\/v2\/media\/13106"}],"wp:attachment":[{"href":"https:\/\/www.egemtv.com\/index.php?rest_route=%2Fwp%2Fv2%2Fmedia&parent=13105"}],"wp:term":[{"taxonomy":"category","embeddable":true,"href":"https:\/\/www.egemtv.com\/index.php?rest_route=%2Fwp%2Fv2%2Fcategories&post=13105"},{"taxonomy":"post_tag","embeddable":true,"href":"https:\/\/www.egemtv.com\/index.php?rest_route=%2Fwp%2Fv2%2Ftags&post=13105"}],"curies":[{"name":"wp","href":"https:\/\/api.w.org\/{rel}","templated":true}]}}