{"id":13102,"date":"2025-01-28T13:48:57","date_gmt":"2025-01-28T10:48:57","guid":{"rendered":"https:\/\/www.egemtv.com\/?p=13102"},"modified":"2025-01-28T13:48:58","modified_gmt":"2025-01-28T10:48:58","slug":"mahalle-bakkalinda-organize-hirsizlik-kamerada","status":"publish","type":"post","link":"https:\/\/www.egemtv.com\/?p=13102","title":{"rendered":"Mahalle bakkal\u0131nda organize h\u0131rs\u0131zl\u0131k kamerada"},"content":{"rendered":"<p>\u0130zmir\u2019deki bir bakkaldan \u00fcr\u00fcn \u00e7alarak organize bir \u015fekilde h\u0131rs\u0131zl\u0131k yapan ki\u015filerin g\u00f6r\u00fcnt\u00fcleri g\u00fcvenlik kameras\u0131na yans\u0131d\u0131. Bakkal sahibi, yakla\u015f\u0131k bin TL tutar\u0131nda \u00fcr\u00fcnlerinin \u00e7al\u0131nd\u0131\u011f\u0131n\u0131 ve buna ra\u011fmen \u015fikayet\u00e7i olmad\u0131\u011f\u0131n\u0131 dile getirdi.<br \/>\n<br \/>\u0130zmir\u2019in Buca il\u00e7esinde yer alan bir bakkalda film sahnelerini aratmayan h\u0131rs\u0131zl\u0131k olay\u0131 ya\u015fand\u0131. Mekan sahibi \u00d6mer Da\u015fkara (56), 6 y\u0131ld\u0131r i\u015fletti\u011fi bakkal\u0131nda ilgin\u00e7 bir h\u0131rs\u0131zl\u0131k olay\u0131yla kar\u015f\u0131 kar\u015f\u0131ya kald\u0131. \u00d6\u011fle saatlerinde bir vatanda\u015f, m\u00fc\u015fterilerin yo\u011fun oldu\u011fu bir saatte bakkala gelip al\u0131\u015fveri\u015f yapmaya ba\u015flad\u0131. Daha sonra bu ki\u015fi, ald\u0131\u011f\u0131 bir\u00e7ok \u00fcr\u00fcn\u00fc d\u0131\u015far\u0131da ara\u00e7ta bulunan ba\u015fka bir arkada\u015f\u0131na g\u00f6sterdi. Bu s\u0131rada d\u00fckkanda bulunan farkl\u0131 m\u00fc\u015fterilerle ilgilenen Da\u015fkara, durumdan \u015f\u00fcphelense de ba\u015fkalar\u0131yla ilgilendi\u011fi i\u00e7in duruma m\u00fcdahale edemedi. Daha sonra da al\u0131\u015fveri\u015f yap\u0131yor g\u00f6r\u00fcn\u00fcml\u00fc h\u0131rs\u0131z, bakkal sahibine \u2018Paray\u0131 al\u0131p geleyim\u2019 diyerek \u00e7\u0131kt\u0131\u011f\u0131 d\u00fckkandan arabayla ka\u00e7arak kay\u0131plara kar\u0131\u015ft\u0131. Bakkal sahibi, o\u011flunun ara\u00e7 plakas\u0131n\u0131 bulmas\u0131na ra\u011fmen ufak bir tutar olmas\u0131ndan dolay\u0131 \u015fikayet\u00e7i olmaya de\u011fmeyece\u011fini ifade etti.<br \/>\n<br \/>Ba\u015f\u0131na gelen h\u0131rs\u0131zl\u0131k olay\u0131n\u0131 anlatan Da\u015fkara, \u201cM\u00fc\u015fteri olarak i\u00e7eri girdi ve daha sonra al\u0131\u015fveri\u015fini yapt\u0131. Ald\u0131\u011f\u0131 \u00fcr\u00fcnleri d\u0131\u015far\u0131da bekleyen ki\u015fiye g\u00f6sterdi ve \u2018Paray\u0131 al\u0131p geleyim\u2019 dedi. O esnada da bir m\u00fc\u015fterim vard\u0131 ve onunla ilgilenirken arabaya binip ka\u00e7t\u0131lar\u201d diye konu\u015ftu.<\/p>\n<p>\u201cEsnaf arkada\u015flar\u0131m dikkatli olsun\u201d<br \/>\n<br \/>Bu ki\u015filere dikkat edilmesi gerekti\u011fini dile getiren bakkal sahibi \u00d6mer Da\u015fkara, \u201cB\u00f6yle insanlar son zamanlarda \u00e7o\u011fald\u0131. Benim can\u0131m yand\u0131 di\u011fer esnaf arkada\u015flar\u0131m daha dikkatli olsun. Bu tarz ki\u015filer esnaflar\u0131 \u00e7ok dola\u015f\u0131yor ve doland\u0131r\u0131yor\u201d dedi.<br \/>\n<br \/>Davac\u0131 ve \u015fikayet\u00e7i olmad\u0131klar\u0131n\u0131 s\u00f6yleyen Da\u015fkara, s\u00f6zlerini \u015f\u00f6yle noktalad\u0131: \u201cKap\u0131dan girdiler ve bir arac\u0131 d\u0131\u015far\u0131ya park ettiler.  Yakla\u015f\u0131k bin TL\u2019ye yak\u0131n al\u0131\u015fveri\u015f yapt\u0131lar ve daha sonra \u00f6demeden ka\u00e7t\u0131lar. Biz de arkalar\u0131ndan baka kald\u0131k.\u201d<br \/><\/p>\n","protected":false},"excerpt":{"rendered":"<p>\u0130zmir\u2019deki bir bakkaldan \u00fcr\u00fcn \u00e7alarak organize bir \u015fekilde h\u0131rs\u0131zl\u0131k yapan ki\u015filerin g\u00f6r\u00fcnt\u00fcleri g\u00fcvenlik kameras\u0131na yans\u0131d\u0131. Bakkal sahibi, yakla\u015f\u0131k bin TL tutar\u0131nda \u00fcr\u00fcnlerinin \u00e7al\u0131nd\u0131\u011f\u0131n\u0131 ve buna ra\u011fmen \u015fikayet\u00e7i olmad\u0131\u011f\u0131n\u0131 dile getirdi. \u0130zmir\u2019in Buca il\u00e7esinde yer alan bir bakkalda film sahnelerini aratmayan h\u0131rs\u0131zl\u0131k olay\u0131 ya\u015fand\u0131. Mekan sahibi \u00d6mer Da\u015fkara (56), 6 y\u0131ld\u0131r i\u015fletti\u011fi bakkal\u0131nda ilgin\u00e7 bir h\u0131rs\u0131zl\u0131k&#8230;<\/p>\n","protected":false},"author":1,"featured_media":13103,"comment_status":"open","ping_status":"open","sticky":false,"template":"","format":"standard","meta":{"_crdt_document":"","footnotes":""},"categories":[5],"tags":[],"class_list":["post-13102","post","type-post","status-publish","format-standard","has-post-thumbnail","hentry","category-asayis"],"_links":{"self":[{"href":"https:\/\/www.egemtv.com\/index.php?rest_route=\/wp\/v2\/posts\/13102","targetHints":{"allow":["GET"]}}],"collection":[{"href":"https:\/\/www.egemtv.com\/index.php?rest_route=\/wp\/v2\/posts"}],"about":[{"href":"https:\/\/www.egemtv.com\/index.php?rest_route=\/wp\/v2\/types\/post"}],"author":[{"embeddable":true,"href":"https:\/\/www.egemtv.com\/index.php?rest_route=\/wp\/v2\/users\/1"}],"replies":[{"embeddable":true,"href":"https:\/\/www.egemtv.com\/index.php?rest_route=%2Fwp%2Fv2%2Fcomments&post=13102"}],"version-history":[{"count":1,"href":"https:\/\/www.egemtv.com\/index.php?rest_route=\/wp\/v2\/posts\/13102\/revisions"}],"predecessor-version":[{"id":13104,"href":"https:\/\/www.egemtv.com\/index.php?rest_route=\/wp\/v2\/posts\/13102\/revisions\/13104"}],"wp:featuredmedia":[{"embeddable":true,"href":"https:\/\/www.egemtv.com\/index.php?rest_route=\/wp\/v2\/media\/13103"}],"wp:attachment":[{"href":"https:\/\/www.egemtv.com\/index.php?rest_route=%2Fwp%2Fv2%2Fmedia&parent=13102"}],"wp:term":[{"taxonomy":"category","embeddable":true,"href":"https:\/\/www.egemtv.com\/index.php?rest_route=%2Fwp%2Fv2%2Fcategories&post=13102"},{"taxonomy":"post_tag","embeddable":true,"href":"https:\/\/www.egemtv.com\/index.php?rest_route=%2Fwp%2Fv2%2Ftags&post=13102"}],"curies":[{"name":"wp","href":"https:\/\/api.w.org\/{rel}","templated":true}]}}