{"id":13099,"date":"2025-01-28T13:48:55","date_gmt":"2025-01-28T10:48:55","guid":{"rendered":"https:\/\/www.egemtv.com\/?p=13099"},"modified":"2025-01-28T13:48:57","modified_gmt":"2025-01-28T10:48:57","slug":"denizli-ticaret-odasi-baskanlik-danismanligina-prof-dr-ersan-ozu-getirdi","status":"publish","type":"post","link":"https:\/\/www.egemtv.com\/?p=13099","title":{"rendered":"Denizli Ticaret Odas\u0131, Ba\u015fkanl\u0131k Dan\u0131\u015fmanl\u0131\u011f\u0131na Prof. Dr. Ersan \u00d6z\u2019\u00fc getirdi"},"content":{"rendered":"<p>Denizli Ticaret Odas\u0131 Y\u00f6netim Kurulu Ba\u015fkan\u0131 U\u011fur Erdo\u011fan ekibini g\u00fc\u00e7lendiriyor. \u00c7al\u0131\u015fmalar\u0131n\u0131 gece g\u00fcnd\u00fcz demeden aral\u0131ks\u0131z s\u00fcrd\u00fcrd\u00fcklerini belirten DTO Ba\u015fkan\u0131 Erdo\u011fan, Ba\u015fkanl\u0131k Dan\u0131\u015fmanl\u0131\u011f\u0131na Prof. Dr. Ersan \u00d6z\u2019\u00fc getirdi.<br \/>\n<br \/>DTO Y\u00f6netim Kurulu Ba\u015fkan\u0131 U\u011fur Erdo\u011fan, ekibini g\u00fc\u00e7lendiriyor. Prof. Dr. Ersan \u00d6z, dan\u0131\u015fmanl\u0131\u011f\u0131na getirildi. Prof. Dr. \u00d6z\u2019\u00fc tebrik eden ve \u201cAram\u0131za ho\u015f geldiniz\u201d diyen Ba\u015fkan Erdo\u011fan, \u201cDenizli\u2019nin en b\u00fcy\u00fck sivil toplum kurulu\u015fu olarak sorumlulu\u011fumuz da beklentiler de olduk\u00e7a b\u00fcy\u00fck. Bununla ilgili \u00e7al\u0131\u015fmalar\u0131m\u0131z\u0131 gece g\u00fcnd\u00fcz demeden aral\u0131ks\u0131z s\u00fcrd\u00fcr\u00fcrken ekibimizi ve \u00e7al\u0131\u015fma arkada\u015flar\u0131m\u0131z\u0131 da art\u0131rarak ekibimizi daha da g\u00fc\u00e7lendiriyoruz. Profes\u00f6r Doktor Say\u0131n Ersan \u00d6z hocam\u0131z da bilgi, akademik, mesleki ve entelekt\u00fcel birikimiyle bize g\u00fc\u00e7 verecek de\u011ferimize de\u011fer katacakt\u0131r. Ba\u015far\u0131lar diliyorum. Hay\u0131rl\u0131 ve u\u011furlu olsun\u201d dedi.<br \/>\n<br \/>DTO ailesinin bir par\u00e7as\u0131 olmaktan b\u00fcy\u00fck mutluluk duydu\u011funu dile getiren Prof. Dr. Ersan \u00d6z ise odan\u0131n ve Ba\u015fkan Erdo\u011fan\u2019\u0131n \u00e7al\u0131\u015fmalar\u0131na elinden gelenin fazlas\u0131yla katk\u0131 koymaya \u00e7al\u0131\u015faca\u011f\u0131n\u0131 s\u00f6yledi. \u00d6z, \u201cBa\u015fkan\u0131m\u0131z\u0131n takdire \u015fayan \u00e7al\u0131\u015fmalar\u0131n\u0131 yakinen takip ediyordum. Bundan sonra ben de bu ekibin bir \u00fcyesi olarak katk\u0131 sa\u011flamaya \u00e7al\u0131\u015faca\u011f\u0131mdan dolay\u0131 da olduk\u00e7a mutlu ve heyecanl\u0131y\u0131m. El birli\u011fiyle, \u00e7ok daha g\u00fczel i\u015fler yapaca\u011f\u0131m\u0131za ve yeni projeler \u00fcretece\u011fimize inan\u0131yorum. Kendisine bize bu imk\u00e2n\u0131 tan\u0131d\u0131\u011f\u0131 i\u00e7in te\u015fekk\u00fcr ediyorum\u201d dedi.<br \/><\/p>\n","protected":false},"excerpt":{"rendered":"<p>Denizli Ticaret Odas\u0131 Y\u00f6netim Kurulu Ba\u015fkan\u0131 U\u011fur Erdo\u011fan ekibini g\u00fc\u00e7lendiriyor. \u00c7al\u0131\u015fmalar\u0131n\u0131 gece g\u00fcnd\u00fcz demeden aral\u0131ks\u0131z s\u00fcrd\u00fcrd\u00fcklerini belirten DTO Ba\u015fkan\u0131 Erdo\u011fan, Ba\u015fkanl\u0131k Dan\u0131\u015fmanl\u0131\u011f\u0131na Prof. Dr. Ersan \u00d6z\u2019\u00fc getirdi. DTO Y\u00f6netim Kurulu Ba\u015fkan\u0131 U\u011fur Erdo\u011fan, ekibini g\u00fc\u00e7lendiriyor. Prof. Dr. Ersan \u00d6z, dan\u0131\u015fmanl\u0131\u011f\u0131na getirildi. Prof. Dr. \u00d6z\u2019\u00fc tebrik eden ve \u201cAram\u0131za ho\u015f geldiniz\u201d diyen Ba\u015fkan Erdo\u011fan, \u201cDenizli\u2019nin en&#8230;<\/p>\n","protected":false},"author":1,"featured_media":13100,"comment_status":"open","ping_status":"open","sticky":false,"template":"","format":"standard","meta":{"_crdt_document":"","footnotes":""},"categories":[123],"tags":[],"class_list":["post-13099","post","type-post","status-publish","format-standard","has-post-thumbnail","hentry","category-gundem"],"_links":{"self":[{"href":"https:\/\/www.egemtv.com\/index.php?rest_route=\/wp\/v2\/posts\/13099","targetHints":{"allow":["GET"]}}],"collection":[{"href":"https:\/\/www.egemtv.com\/index.php?rest_route=\/wp\/v2\/posts"}],"about":[{"href":"https:\/\/www.egemtv.com\/index.php?rest_route=\/wp\/v2\/types\/post"}],"author":[{"embeddable":true,"href":"https:\/\/www.egemtv.com\/index.php?rest_route=\/wp\/v2\/users\/1"}],"replies":[{"embeddable":true,"href":"https:\/\/www.egemtv.com\/index.php?rest_route=%2Fwp%2Fv2%2Fcomments&post=13099"}],"version-history":[{"count":1,"href":"https:\/\/www.egemtv.com\/index.php?rest_route=\/wp\/v2\/posts\/13099\/revisions"}],"predecessor-version":[{"id":13101,"href":"https:\/\/www.egemtv.com\/index.php?rest_route=\/wp\/v2\/posts\/13099\/revisions\/13101"}],"wp:featuredmedia":[{"embeddable":true,"href":"https:\/\/www.egemtv.com\/index.php?rest_route=\/wp\/v2\/media\/13100"}],"wp:attachment":[{"href":"https:\/\/www.egemtv.com\/index.php?rest_route=%2Fwp%2Fv2%2Fmedia&parent=13099"}],"wp:term":[{"taxonomy":"category","embeddable":true,"href":"https:\/\/www.egemtv.com\/index.php?rest_route=%2Fwp%2Fv2%2Fcategories&post=13099"},{"taxonomy":"post_tag","embeddable":true,"href":"https:\/\/www.egemtv.com\/index.php?rest_route=%2Fwp%2Fv2%2Ftags&post=13099"}],"curies":[{"name":"wp","href":"https:\/\/api.w.org\/{rel}","templated":true}]}}